{"id":1560,"date":"2020-09-13T07:29:23","date_gmt":"2020-09-13T05:29:23","guid":{"rendered":"http:\/\/www.juristenkoffer.de\/refblog\/?p=1560"},"modified":"2020-09-09T12:47:58","modified_gmt":"2020-09-09T10:47:58","slug":"neugestaltung-des-aktenvortrags-in-hessen","status":"publish","type":"post","link":"https:\/\/www.juristenkoffer.de\/refblog\/examen\/neugestaltung-des-aktenvortrags-in-hessen\/","title":{"rendered":"Neugestaltung des Aktenvortrags in Hessen"},"content":{"rendered":"<p><img loading=\"lazy\" decoding=\"async\" class=\"alignleft size-thumbnail wp-image-7227\" src=\"https:\/\/www.juristenkoffer.de\/refblog\/wp-content\/uploads\/2013\/02\/MP900446994-150x150.jpg\" alt=\"\" width=\"150\" height=\"150\" \/>Bis zum Jahr 2007 gab es in Hessen eine besondere Form des Aktenvortrags: Der Sachverhalt des Vortrags wurde den Kandidaten bereits mehrere Tage vor der m\u00fcndlichen Pr\u00fcfung zugesandt. Die Pr\u00fcflinge hatten dann 3 Werktage Zeit, sich mit dem Fall zu besch\u00e4ftigen und ihren Vortrag vorzubereiten. Diese Form des Aktenvortrags wurde dann 2007 abgeschafft und durch\u00a0einen klassischen Kurzvortrag (mit Vorbereitung am Tag der m\u00fcndlichen Pr\u00fcfung) ersetzt. <!--more--><\/p>\n<p>Interessant ist aber die Begr\u00fcndung im <a href=\"http:\/\/starweb.hessen.de\/cache\/DRS\/16\/2\/06802.pdf\" target=\"_blank\">Gesetzentwurf der Landesregierung<\/a>, warum es einer\u00a0Neugestaltung des Aktenvortrags bedarf:<\/p>\n<blockquote><p>Zurzeit ist im m\u00fcndlichen Teil der zweiten juristischen Staatspr\u00fcfung ein an drei Werktagen vorzubereitender Aktenvortrag zu halten. Den Vortr\u00e4gen liegen Originalakten zugrunde, die mehrfach Verwendung finden.\u00a0In j\u00fcngster Zeit ergaben sich Hinweise darauf, dass von Repetitorien gezielt Informationen \u00fcber die in Hessen ausgegebenen Aktenvortr\u00e4ge gesammelt werden. Deshalb kann nicht ausgeschlossen werden, dass von Repetitorien Datensammlungen \u00fcber Aktenvortr\u00e4ge angelegt werden, wodurch die Chancengleichheit im Examen beeintr\u00e4chtigt sein k\u00f6nnte.<\/p><\/blockquote>\n<p>Die fr\u00fchere Organisation des Aktenvortrags hatte\u00a0dar\u00fcber hinaus\u00a0den Nachteil, dass m\u00fcndliche Pr\u00fcfungen nur an 2 Tagen die Woche durchgef\u00fchrt wurden, da die Vorbereitungszeit immer nur Mo-Mi (mit m\u00fcndlicher Pr\u00fcfung am Do) bzw. Di-Do (mit m\u00fcndlicher Pr\u00fcfung am Fr) sein konnte. Jetzt ist auch in Hessen der Aktenvortrag in den Tag der m\u00fcndlichen Pr\u00fcfung integriert.<\/p>\n<p style=\"text-align: center;\"><img decoding=\"async\" class=\"size-full wp-image-1567 aligncenter\" title=\"Ablaufplan\" src=\"https:\/\/www.juristenkoffer.de\/refblog\/wp-content\/uploads\/2009\/12\/Ablaufplan1.bmp\" alt=\"Ablaufplan\" \/><\/p>\n<p>Der zeitliche Ablauf\u00a0 bei 5 Pr\u00fcflingen kann\u00a0der Tabelle entnommen werden.<\/p>\n","protected":false},"excerpt":{"rendered":"<p>Bis zum Jahr 2007 gab es in Hessen eine besondere Form des Aktenvortrags: Der Sachverhalt des Vortrags wurde den Kandidaten bereits mehrere Tage vor der m\u00fcndlichen Pr\u00fcfung zugesandt. Die Pr\u00fcflinge hatten dann 3 Werktage Zeit, sich mit dem Fall zu besch\u00e4ftigen und ihren Vortrag vorzubereiten.<\/p>\n<p>Diese Form des Aktenvortrags wurde dann 2007 abgeschafft und durch\u00a0einen klassischen Kurzvortrag (mit Vorbereitung am Tag der m\u00fcndlichen Pr\u00fcfung) ersetzt. Interessant ist aber die Begr\u00fcndung im Gesetzentwurf der Landesregierung, warum es einer\u00a0Neugestaltung des Aktenvortrags bedarf: &#8230;<\/p>\n","protected":false},"author":2,"featured_media":0,"comment_status":"open","ping_status":"open","sticky":false,"template":"","format":"standard","meta":{"footnotes":""},"categories":[119,51],"tags":[417,416,418],"class_list":["post-1560","post","type-post","status-publish","format-standard","hentry","category-hessen","category-examen","tag-aktenvortrag-hessen","tag-neugestaltung","tag-vorbereitung"],"_links":{"self":[{"href":"https:\/\/www.juristenkoffer.de\/refblog\/wp-json\/wp\/v2\/posts\/1560","targetHints":{"allow":["GET"]}}],"collection":[{"href":"https:\/\/www.juristenkoffer.de\/refblog\/wp-json\/wp\/v2\/posts"}],"about":[{"href":"https:\/\/www.juristenkoffer.de\/refblog\/wp-json\/wp\/v2\/types\/post"}],"author":[{"embeddable":true,"href":"https:\/\/www.juristenkoffer.de\/refblog\/wp-json\/wp\/v2\/users\/2"}],"replies":[{"embeddable":true,"href":"https:\/\/www.juristenkoffer.de\/refblog\/wp-json\/wp\/v2\/comments?post=1560"}],"version-history":[{"count":13,"href":"https:\/\/www.juristenkoffer.de\/refblog\/wp-json\/wp\/v2\/posts\/1560\/revisions"}],"predecessor-version":[{"id":9592,"href":"https:\/\/www.juristenkoffer.de\/refblog\/wp-json\/wp\/v2\/posts\/1560\/revisions\/9592"}],"wp:attachment":[{"href":"https:\/\/www.juristenkoffer.de\/refblog\/wp-json\/wp\/v2\/media?parent=1560"}],"wp:term":[{"taxonomy":"category","embeddable":true,"href":"https:\/\/www.juristenkoffer.de\/refblog\/wp-json\/wp\/v2\/categories?post=1560"},{"taxonomy":"post_tag","embeddable":true,"href":"https:\/\/www.juristenkoffer.de\/refblog\/wp-json\/wp\/v2\/tags?post=1560"}],"curies":[{"name":"wp","href":"https:\/\/api.w.org\/{rel}","templated":true}]}}