{"id":1390,"date":"2025-02-18T02:02:01","date_gmt":"2025-02-18T02:02:01","guid":{"rendered":"http:\/\/www.juristenkoffer.de\/refblog\/?p=1390"},"modified":"2024-01-27T14:07:15","modified_gmt":"2024-01-27T12:07:15","slug":"internationaler-studentenausweis-fuer-referendare","status":"publish","type":"post","link":"https:\/\/www.juristenkoffer.de\/refblog\/allgemein\/internationaler-studentenausweis-fuer-referendare\/","title":{"rendered":"Internationaler Studentenausweis f\u00fcr Referendare"},"content":{"rendered":"<p><img loading=\"lazy\" decoding=\"async\" class=\"alignleft size-full wp-image-5768\" title=\"\" src=\"https:\/\/www.juristenkoffer.de\/refblog\/wp-content\/uploads\/2009\/09\/ibibn2.png\" alt=\"\" width=\"150\" height=\"150\" \/>Nach dem 1. Staatsexamen ist man zwar kein Student im eigentlichen Sinne &#8211; einen Studentenausweis besitzt man nicht mehr und kommt so nicht in den Genuss verschiedener Verg\u00fcnstigungen an die man sich im Laufe der Jahre so gew\u00f6hnt hat.<\/p>\n<p>Es gibt aber doch eine M\u00f6glichkeit, die Vorz\u00fcge weiter zu genie\u00dfen: Den Internationalen Studentenausweis!<!--more--><\/p>\n<p>Aussteller ist die &#8222;Reisedienst Deutscher Studentenschaften GmbH&#8220;, welche die Referendare auch noch als Studenten ansieht und bei Vorlage der Bescheinigung \u00fcber die Einstellung in den Referendardienst (erh\u00e4lt man am Tag der Einstellung) den Studentenausweis ausstellt.<\/p>\n<p>Auch wenn der Ausweis ein sogenannter &#8222;internationaler&#8220; ist, gilt er nat\u00fcrlich auch im Inland und s\u00e4mtliche Studentenrabatte k\u00f6nnen eingefordert werden. \u00dcber die Verg\u00fcnstigungen, die einem im In- und Ausland zuteil werden, informiert die Seite der <a href=\"http:\/\/www.isic.de\/\" target=\"_blank\" rel=\"noopener\">ISIC <\/a>sehr \u00fcbersichtlich, geordnet nach L\u00e4ndern, St\u00e4dten und sogar Aktivit\u00e4ten.<\/p>\n<p style=\"border:1px solid; padding: 5px; margin: 2px 0px 10px 0px; line-height: 150%\">\n\t\t\t\tDie RefNews sind das Blog von Juristenkoffer.de - einem der ersten und mit weit mehr als 35.000 zufriedenen Kunden einem der gr\u00f6\u00dften Vermieter von Kommentaren in Deutschland. Bist Du bereits Rechtsreferendar, hast Dir aber noch keinen Juristenkoffer reserviert? Dann informiere Dich jetzt \u00fcber unser Angebot und <a href=\"https:\/\/www.juristenkoffer.de\/angebot.php?rel=textartikelrefnews\" target=\"_blank\">sichere Dir schnell Deine Examenskommentare<\/a>!\n\t\t\t\t<\/p>\n<p>Der Ausweis kostet lediglich 18 Euro, also ein Schn\u00e4ppchen, wenn man sieht, wof\u00fcr er eingesetzt werden kann. G\u00fcltig ist er immer ein Jahr ab dem Ausstellungsdatum. Auch wenn man dar\u00fcber streiten kann, ob man als Referendar mit regelm\u00e4\u00dfigem, wenn auch geringem Einkommen den Ausweis berechtigter Weise erh\u00e4lt, soll uns das an dieser Stelle nicht n\u00e4her besch\u00e4ftigen. \ud83d\ude42<\/p>\n<p>Laut Internetseite der ISIC muss man eines der folgenden Dokumente vorlegen, um die Berechtigung nachzuweisen:<\/p>\n<div id=\"elementor-tab-content-1992\" class=\"elementor-tab-content elementor-clearfix elementor-active\" role=\"region\" data-tab=\"2\" aria-labelledby=\"elementor-tab-title-1992\">\n<ul>\n<li>Eine am Tag der Bestellung g\u00fcltige Immatrikulationsbescheinigung oder einen Sch\u00fclerausweis, der deinen Status best\u00e4tigt.<\/li>\n<li>Ein auf Universit\u00e4ts- oder Schulbriefpapier verfasstes Schreiben mit offiziellem Stempel und aktuellem Datum, das den Status best\u00e4tigt.<\/li>\n<li>Einen Ausbildungsvertrag, Berufsschulnachweis oder eine Azubi Card f\u00fcr das aktuelle Ausbildungsjahr, wodurch eine Ausbildung nach dem Berufsbildungsgesetz best\u00e4tigt wird.<\/li>\n<li>Oder beglaubigte \u00dcbersetzungen o. g. Dokumente.<\/li>\n<\/ul>\n<p><strong>Als Rechtsreferendar<\/strong> sollte man sich von der Referendarabteilung ein entsprechendes Dokument ausstellen lassen.<\/p>\n<p>Um die die ISIC zu beantragen brauchst du au\u00dferdem<\/p>\n<ul>\n<li>Ein Portraitfoto von dir (ein gut belichtetes Selfie mit ruhigem Hintergrund reicht aus, es muss kein biometrisches Passbild sein)<\/li>\n<li>Einen\u00a0Identit\u00e4tsnachweis, um den<b>\u00a0<\/b>Abgleich deiner pers\u00f6nlichen Daten vorzunehmen zu k\u00f6nnen<\/li>\n<\/ul>\n<\/div>\n<p>[RefN]<\/p>\n","protected":false},"excerpt":{"rendered":"<p>Nach dem 1. Staatsexamen ist man zwar kein Student im eigentlichen Sinne &#8211; einen Studentenausweis besitzt man nicht mehr und kommt so nicht in den Genuss verschiedener Verg\u00fcnstigungen an die man sich im Laufe der Jahre so gew\u00f6hnt hat. Es gibt aber doch eine M\u00f6glichkeit, die Vorz\u00fcge weiter zu genie\u00dfen: Den Internationalen Studentenausweis!<\/p>\n","protected":false},"author":3,"featured_media":0,"comment_status":"open","ping_status":"open","sticky":false,"template":"","format":"standard","meta":{"footnotes":""},"categories":[1],"tags":[383,382,384],"class_list":["post-1390","post","type-post","status-publish","format-standard","hentry","category-allgemein","tag-internationaler-studentenausweis","tag-isci","tag-studentenausweis"],"_links":{"self":[{"href":"https:\/\/www.juristenkoffer.de\/refblog\/wp-json\/wp\/v2\/posts\/1390","targetHints":{"allow":["GET"]}}],"collection":[{"href":"https:\/\/www.juristenkoffer.de\/refblog\/wp-json\/wp\/v2\/posts"}],"about":[{"href":"https:\/\/www.juristenkoffer.de\/refblog\/wp-json\/wp\/v2\/types\/post"}],"author":[{"embeddable":true,"href":"https:\/\/www.juristenkoffer.de\/refblog\/wp-json\/wp\/v2\/users\/3"}],"replies":[{"embeddable":true,"href":"https:\/\/www.juristenkoffer.de\/refblog\/wp-json\/wp\/v2\/comments?post=1390"}],"version-history":[{"count":12,"href":"https:\/\/www.juristenkoffer.de\/refblog\/wp-json\/wp\/v2\/posts\/1390\/revisions"}],"predecessor-version":[{"id":12520,"href":"https:\/\/www.juristenkoffer.de\/refblog\/wp-json\/wp\/v2\/posts\/1390\/revisions\/12520"}],"wp:attachment":[{"href":"https:\/\/www.juristenkoffer.de\/refblog\/wp-json\/wp\/v2\/media?parent=1390"}],"wp:term":[{"taxonomy":"category","embeddable":true,"href":"https:\/\/www.juristenkoffer.de\/refblog\/wp-json\/wp\/v2\/categories?post=1390"},{"taxonomy":"post_tag","embeddable":true,"href":"https:\/\/www.juristenkoffer.de\/refblog\/wp-json\/wp\/v2\/tags?post=1390"}],"curies":[{"name":"wp","href":"https:\/\/api.w.org\/{rel}","templated":true}]}}