{"id":12888,"date":"2026-08-31T09:12:05","date_gmt":"2026-08-31T09:12:05","guid":{"rendered":"https:\/\/www.juristenkoffer.de\/refblog\/?p=12888"},"modified":"2026-08-31T12:28:45","modified_gmt":"2026-08-31T10:28:45","slug":"thueringen-bindet-referendare-frueher-an-die-justiz","status":"publish","type":"post","link":"https:\/\/www.juristenkoffer.de\/refblog\/nach-dem-referendariat\/thueringen-bindet-referendare-frueher-an-die-justiz\/","title":{"rendered":"Th\u00fcringen bindet Referendare fr\u00fcher an die Justiz"},"content":{"rendered":"<div class=\"postie-post\">\n<div class=\"postie-attachments\"><img loading=\"lazy\" decoding=\"async\" class=\"alignnone size-medium wp-image-12889 alignleft\" src=\"https:\/\/www.juristenkoffer.de\/refblog\/wp-content\/uploads\/2026\/08\/justizassistenz-thueringen-referendariat-300x300.jpg\" alt=\"\" width=\"150\" height=\"150\" srcset=\"https:\/\/www.juristenkoffer.de\/refblog\/wp-content\/uploads\/2026\/08\/justizassistenz-thueringen-referendariat-300x300.jpg 300w, https:\/\/www.juristenkoffer.de\/refblog\/wp-content\/uploads\/2026\/08\/justizassistenz-thueringen-referendariat-1024x1024.jpg 1024w, https:\/\/www.juristenkoffer.de\/refblog\/wp-content\/uploads\/2026\/08\/justizassistenz-thueringen-referendariat-150x150.jpg 150w, https:\/\/www.juristenkoffer.de\/refblog\/wp-content\/uploads\/2026\/08\/justizassistenz-thueringen-referendariat-768x768.jpg 768w, https:\/\/www.juristenkoffer.de\/refblog\/wp-content\/uploads\/2026\/08\/justizassistenz-thueringen-referendariat-140x140.jpg 140w, https:\/\/www.juristenkoffer.de\/refblog\/wp-content\/uploads\/2026\/08\/justizassistenz-thueringen-referendariat.jpg 1254w\" sizes=\"auto, (max-width: 150px) 100vw, 150px\" \/><\/div>\n<div>\n<div class=\"WordSection1\">\n<p class=\"MsoPlainText\">Th\u00fcringen will Rechtsreferendarinnen und Rechtsreferendare schon w\u00e4hrend der Ausbildung enger an die Justiz binden. Wie <a href=\"http:\/\/www.lto.de\"><span style='color:windowtext;text-decoration:none'>www.lto.de<\/span><\/a> berichtet, sollen ab September zun\u00e4chst <a href=\"https:\/\/www.lto.de\/karriere\/jura-referendariat\/stories\/detail\/thueringen-justiz-nachwuchs-justizassistenz-projekt-startet\">acht Stellen f\u00fcr sogenannte Justizassistentinnen und Justizassistenten<\/a> am Landgericht Erfurt und bei der dortigen Staatsanwaltschaft ausgeschrieben werden. Der Start des Modellprojekts ist f\u00fcr November geplant. Bezahlt werden soll die Nebent\u00e4tigkeit mit rund 30 Euro brutto pro Stunde.<\/p>\n<p class=\"MsoPlainText\">F\u00fcr angehende Volljuristinnen und Volljuristen ist das mehr als ein Nebenjob. Die T\u00e4tigkeit soll juristische Recherchen, Entw\u00fcrfe, Entscheidungsvorschl\u00e4ge und Fallsammlungen umfassen. Damit bekommen Referendare zus\u00e4tzlichen Praxiskontakt, ohne dass die eigentliche Ausbildung ersetzt wird. Vorgesehen sind h\u00f6chstens 32 Stunden im Monat, also typischerweise vier bis acht Stunden pro Woche. Gerade in einer Phase, in der Stationen, Arbeitsgemeinschaften und Examensvorbereitung eng getaktet sind, bleibt diese Begrenzung wichtig.<!--more--><\/p>\n<p class=\"MsoPlainText\">Die politische Sto\u00dfrichtung ist klar: Th\u00fcringen m\u00f6chte den eigenen Justizdienst als Arbeitgeber fr\u00fcher sichtbar machen und Nachwuchsjuristen nach dem zweiten Staatsexamen im Land halten. Die Pilotphase soll bis Jahresende zeigen, wie sich die Abl\u00e4ufe organisieren lassen. Perspektivisch sind bis zu 20 Stellen vorgesehen. Im Haushalt stehen daf\u00fcr nach Angaben aus dem Land 2,7 Millionen Euro f\u00fcr dieses und das kommende Jahr bereit. <p style=\"border:1px solid; padding: 5px; margin: 2px 0px 10px 0px; line-height: 150%\">\n\t\t\t\tDie RefNews sind das Blog von Juristenkoffer.de - einem der ersten und mit weit mehr als 35.000 zufriedenen Kunden einem der gr\u00f6\u00dften Vermieter von Kommentaren in Deutschland. Bist Du bereits Rechtsreferendar, hast Dir aber noch keinen Juristenkoffer reserviert? Dann informiere Dich jetzt \u00fcber unser Angebot und <a href=\"https:\/\/www.juristenkoffer.de\/angebot.php?rel=textartikelrefnews\" target=\"_blank\">sichere Dir schnell Deine Examenskommentare<\/a>!\n\t\t\t\t<\/p><\/p>\n<p class=\"MsoPlainText\">Interessant ist das Modell, weil es Ausbildung, Personalgewinnung und Entlastung der Gerichte miteinander verbindet. Wenn Referendare praktische Aufgaben \u00fcbernehmen, lernen beide Seiten einander vor der Bewerbung kennen. Zugleich bleibt entscheidend, dass die Nebent\u00e4tigkeit transparent vom Pflichtprogramm getrennt wird und keine zus\u00e4tzliche Belastung kurz vor dem Examen entsteht. F\u00fcr Referendarinnen und Referendare kann die Justizassistenz dennoch ein fr\u00fcher Test sein, ob der Staatsdienst nach dem Examen wirklich passt.<\/p>\n<\/div>\n<\/div>\n<\/div>\n","protected":false},"excerpt":{"rendered":"<p>Th\u00fcringen will Rechtsreferendarinnen und Rechtsreferendare schon w\u00e4hrend der Ausbildung enger an die Justiz binden. Wie www.lto.de berichtet, sollen ab September zun\u00e4chst acht Stellen f\u00fcr sogenannte Justizassistentinnen und Justizassistenten am Landgericht Erfurt und bei der dortigen Staatsanwaltschaft ausgeschrieben werden. Der Start des Modellprojekts ist f\u00fcr November geplant. Bezahlt werden soll die Nebent\u00e4tigkeit mit rund 30 Euro [&hellip;]<\/p>\n","protected":false},"author":49,"featured_media":12889,"comment_status":"closed","ping_status":"","sticky":false,"template":"","format":"standard","meta":{"footnotes":""},"categories":[49],"tags":[],"class_list":["post-12888","post","type-post","status-publish","format-standard","hentry","category-nach-dem-referendariat"],"_links":{"self":[{"href":"https:\/\/www.juristenkoffer.de\/refblog\/wp-json\/wp\/v2\/posts\/12888","targetHints":{"allow":["GET"]}}],"collection":[{"href":"https:\/\/www.juristenkoffer.de\/refblog\/wp-json\/wp\/v2\/posts"}],"about":[{"href":"https:\/\/www.juristenkoffer.de\/refblog\/wp-json\/wp\/v2\/types\/post"}],"author":[{"embeddable":true,"href":"https:\/\/www.juristenkoffer.de\/refblog\/wp-json\/wp\/v2\/users\/49"}],"replies":[{"embeddable":true,"href":"https:\/\/www.juristenkoffer.de\/refblog\/wp-json\/wp\/v2\/comments?post=12888"}],"version-history":[{"count":0,"href":"https:\/\/www.juristenkoffer.de\/refblog\/wp-json\/wp\/v2\/posts\/12888\/revisions"}],"wp:featuredmedia":[{"embeddable":true,"href":"https:\/\/www.juristenkoffer.de\/refblog\/wp-json\/wp\/v2\/media\/12889"}],"wp:attachment":[{"href":"https:\/\/www.juristenkoffer.de\/refblog\/wp-json\/wp\/v2\/media?parent=12888"}],"wp:term":[{"taxonomy":"category","embeddable":true,"href":"https:\/\/www.juristenkoffer.de\/refblog\/wp-json\/wp\/v2\/categories?post=12888"},{"taxonomy":"post_tag","embeddable":true,"href":"https:\/\/www.juristenkoffer.de\/refblog\/wp-json\/wp\/v2\/tags?post=12888"}],"curies":[{"name":"wp","href":"https:\/\/api.w.org\/{rel}","templated":true}]}}