{"id":1263,"date":"2009-08-27T08:04:33","date_gmt":"2009-08-27T06:04:33","guid":{"rendered":"http:\/\/www.juristenkoffer.de\/refblog\/?p=1263"},"modified":"2009-08-24T15:46:33","modified_gmt":"2009-08-24T13:46:33","slug":"ende-der-anwaltsstation","status":"publish","type":"post","link":"https:\/\/www.juristenkoffer.de\/refblog\/anwaltsstation\/ende-der-anwaltsstation\/","title":{"rendered":"Ende der Anwaltsstation"},"content":{"rendered":"<p>Meine Anwaltsstation geht diesen Monat leider auch schon wieder zu Ende. &#8222;Leider&#8220; nicht unbedingt deswegen, weil ich mir nun sicher bin, sp\u00e4ter als Anwalt arbeiten zu wollen. Vielmehr bedeutet das Ende der Anwaltsstation zugleich, dass es bereits n\u00e4chsten Monat ins schriftliche Examen geht!<\/p>\n<p>Mit meinem Ausbilder hatte ich auch in dieser Station Gl\u00fcck. Wie schon den Richtern, Staatsanw\u00e4lten und Leitern der Rechts\u00e4mter kann man zwar auch den Rechtsanw\u00e4lten nicht vorab in den Kopf schauen. Allerdings waren wir uns zu Beginn der Station einig, dass ich zu Anfang ordentlich mitarbeite (und auch fr\u00fchzeitig genug die Pflichtarbeiten\u00a0mache) und zum Ende hin etwas mehr Zeit bleibt f\u00fcr die Examensvorbereitung.<\/p>\n<p>Die Zeit daf\u00fcr habe ich dann auch wirklich gebraucht, auch wenn ich mich nun gut eine Woche vor Beginn der Klausuren nicht hundertprozentig vorbereitet f\u00fchle. Allerdings haben mit Freunde, die diese Sache schon hinter sich gebracht haben, best\u00e4tigt, dass das ganz normal ist. Und irgendwie hat Jura dann auch was Sch\u00f6nes: man kann gerade die letzten Tage vor der Pr\u00fcfung recht entspannt sein, da die Stoffmenge so gro\u00df ist, dass kurzfristiges &#8222;darauflos&#8220; Pauken eh nicht m\u00f6glich ist. Ich werde die n\u00e4chsten Tage vermehrt materielles Zivilrecht wiederholen und die ein oder andere Rechtsprechungs\u00fcbersicht lesen. Vielleicht habe ich dann insofern einen Zufallstreffer in der Klausur!<\/p>\n<p>Um auf die Anwaltsstation zur\u00fcckzukommen: Alles in allem war es sehr interessant. Von der Bandbreite der F\u00e4lle, die man zu bearbeiten hatte, und den praktischen Erfahrungen, die man sammeln konnte, sicherlich eine der spannensten Stationen! Aber ob ich schlie\u00dflich Anwalt werde oder nicht doch woanders lande, ich wei\u00df es (noch) nicht.<\/p>\n<p>Dann werde ich mich nach den Klausuren mal wieder melden!<\/p>\n","protected":false},"excerpt":{"rendered":"<p>Meine Anwaltsstation geht diesen Monat leider auch schon wieder zu Ende. &#8222;Leider&#8220; nicht unbedingt deswegen, weil ich mir nun sicher bin, sp\u00e4ter als Anwalt arbeiten zu wollen. Vielmehr bedeutet das Ende der Anwaltsstation zugleich, dass es bereits n\u00e4chsten Monat ins schriftliche Examen geht!<\/p>\n<p>Mit meinem Ausbilder hatte ich auch in dieser Station Gl\u00fcck. Wie schon den Richtern, Staatsanw\u00e4lten und Leitern der Rechts\u00e4mter kann man zwar auch den Rechtsanw\u00e4lten nicht &#8230;<\/p>\n","protected":false},"author":4,"featured_media":0,"comment_status":"open","ping_status":"open","sticky":false,"template":"","format":"standard","meta":{"footnotes":""},"categories":[48],"tags":[1241,3,353],"class_list":["post-1263","post","type-post","status-publish","format-standard","hentry","category-anwaltsstation","tag-anwaltsstation","tag-examensvorbereitung","tag-pflichtarbeiten"],"_links":{"self":[{"href":"https:\/\/www.juristenkoffer.de\/refblog\/wp-json\/wp\/v2\/posts\/1263","targetHints":{"allow":["GET"]}}],"collection":[{"href":"https:\/\/www.juristenkoffer.de\/refblog\/wp-json\/wp\/v2\/posts"}],"about":[{"href":"https:\/\/www.juristenkoffer.de\/refblog\/wp-json\/wp\/v2\/types\/post"}],"author":[{"embeddable":true,"href":"https:\/\/www.juristenkoffer.de\/refblog\/wp-json\/wp\/v2\/users\/4"}],"replies":[{"embeddable":true,"href":"https:\/\/www.juristenkoffer.de\/refblog\/wp-json\/wp\/v2\/comments?post=1263"}],"version-history":[{"count":2,"href":"https:\/\/www.juristenkoffer.de\/refblog\/wp-json\/wp\/v2\/posts\/1263\/revisions"}],"predecessor-version":[{"id":1277,"href":"https:\/\/www.juristenkoffer.de\/refblog\/wp-json\/wp\/v2\/posts\/1263\/revisions\/1277"}],"wp:attachment":[{"href":"https:\/\/www.juristenkoffer.de\/refblog\/wp-json\/wp\/v2\/media?parent=1263"}],"wp:term":[{"taxonomy":"category","embeddable":true,"href":"https:\/\/www.juristenkoffer.de\/refblog\/wp-json\/wp\/v2\/categories?post=1263"},{"taxonomy":"post_tag","embeddable":true,"href":"https:\/\/www.juristenkoffer.de\/refblog\/wp-json\/wp\/v2\/tags?post=1263"}],"curies":[{"name":"wp","href":"https:\/\/api.w.org\/{rel}","templated":true}]}}