{"id":1244,"date":"2009-08-21T19:30:38","date_gmt":"2009-08-21T17:30:38","guid":{"rendered":"http:\/\/www.juristenkoffer.de\/refblog\/?p=1244"},"modified":"2009-08-21T23:51:36","modified_gmt":"2009-08-21T21:51:36","slug":"personalrat-gesucht-duesseldorf-personalrat-gefunden-bochum","status":"publish","type":"post","link":"https:\/\/www.juristenkoffer.de\/refblog\/allgemein\/personalrat-gesucht-duesseldorf-personalrat-gefunden-bochum\/","title":{"rendered":"Personalrat gesucht (D\u00fcsseldorf), Personalrat gefunden (Bochum)"},"content":{"rendered":"<p>Am Landgericht D\u00fcsseldorf wird zur Zeit eine neue Interessenvertretung der Referendare gew\u00e4hlt. Bewerbungen sind nicht mehr m\u00f6glich, die Frist ist bereits Mitte August abgelaufen.<\/p>\n<p>Interessant in der <a href=\"http:\/\/www.rechtsreferendare-duesseldorf.de\/index.php?area=1&amp;p=news&amp;newsid=37&amp;koobi=2d762129dee546a2aa866d61d32148a5\" target=\"_blank\">Ausschreibung<\/a>\u00a0ist der Hinweis, wer sich nach dem Landespersonalvertretungsgesetz zur Wahl stellen kann:<\/p>\n<blockquote><p>Der Bewerber muss Rechtsreferendar am Landgericht D\u00fcsseldorf sein und am Wahltag <strong>noch mindestens vier Monate<\/strong> Referendarzeit vor sich haben (\u00a7 97 III Nr.2 LPVG). Praktisch w\u00e4re es w\u00fcnschenswert, wenn jeder Kandidat ann\u00e4hernd die gesamte Amtszeit ausf\u00fcllen k\u00f6nnte.<\/p><\/blockquote>\n<p>Man kann sich also\u00a0auch als fast fertiger Referendar zur Wahl stellen und geh\u00f6rt dem Referendarrat dann noch als Volljurist an.<\/p>\n<p>Die Referendare am <strong>Landgericht Bochum<\/strong> haben bereits einen neuen Personalrat gew\u00e4hlt. Neuer Vorsitzender ist Ceyhan Sahing\u00f6z. Die weiteren Mitglieder des Personalrats findest Du auf der <a href=\"http:\/\/www.rechtsreferendare-bochum.de\/personalrat.html\" target=\"_blank\">Seite der Referendare Bochum<\/a>.<\/p>\n","protected":false},"excerpt":{"rendered":"<p>Am Landgericht D\u00fcsseldorf wird zur Zeit eine neue Interessenvertretung der Referendare gew\u00e4hlt. Bewerbungen sind nicht mehr m\u00f6glich, die Frist ist bereits Mitte August abgelaufen.<\/p>\n<p>Interessant in der Ausschreibung\u00a0ist der Hinweis, wer sich nach dem Landespersonalvertretungsgesetz zur Wahl stellen kann:<\/p>\n<p>&#8222;Der Bewerber muss Rechtsreferendar am Landgericht D\u00fcsseldorf sein und am Wahltag noch mindestens vier Monate Referendarzeit vor sich haben (\u00a7 97 III Nr.2 LPVG). Praktisch w\u00e4re es w\u00fcnschenswert, wenn jeder Kandidat &#8230;<\/p>\n","protected":false},"author":2,"featured_media":0,"comment_status":"open","ping_status":"open","sticky":false,"template":"","format":"standard","meta":{"footnotes":""},"categories":[1,41],"tags":[351,202,352],"class_list":["post-1244","post","type-post","status-publish","format-standard","hentry","category-allgemein","category-nrw","tag-personalrat-bochum","tag-personalrat-der-rechtsreferendare-duesseldorf","tag-personalratswahl"],"_links":{"self":[{"href":"https:\/\/www.juristenkoffer.de\/refblog\/wp-json\/wp\/v2\/posts\/1244","targetHints":{"allow":["GET"]}}],"collection":[{"href":"https:\/\/www.juristenkoffer.de\/refblog\/wp-json\/wp\/v2\/posts"}],"about":[{"href":"https:\/\/www.juristenkoffer.de\/refblog\/wp-json\/wp\/v2\/types\/post"}],"author":[{"embeddable":true,"href":"https:\/\/www.juristenkoffer.de\/refblog\/wp-json\/wp\/v2\/users\/2"}],"replies":[{"embeddable":true,"href":"https:\/\/www.juristenkoffer.de\/refblog\/wp-json\/wp\/v2\/comments?post=1244"}],"version-history":[{"count":3,"href":"https:\/\/www.juristenkoffer.de\/refblog\/wp-json\/wp\/v2\/posts\/1244\/revisions"}],"predecessor-version":[{"id":1259,"href":"https:\/\/www.juristenkoffer.de\/refblog\/wp-json\/wp\/v2\/posts\/1244\/revisions\/1259"}],"wp:attachment":[{"href":"https:\/\/www.juristenkoffer.de\/refblog\/wp-json\/wp\/v2\/media?parent=1244"}],"wp:term":[{"taxonomy":"category","embeddable":true,"href":"https:\/\/www.juristenkoffer.de\/refblog\/wp-json\/wp\/v2\/categories?post=1244"},{"taxonomy":"post_tag","embeddable":true,"href":"https:\/\/www.juristenkoffer.de\/refblog\/wp-json\/wp\/v2\/tags?post=1244"}],"curies":[{"name":"wp","href":"https:\/\/api.w.org\/{rel}","templated":true}]}}