{"id":12428,"date":"2025-09-16T02:09:01","date_gmt":"2025-09-16T02:09:01","guid":{"rendered":"https:\/\/www.juristenkoffer.de\/refblog\/?p=12428"},"modified":"2022-09-02T12:19:43","modified_gmt":"2022-09-02T10:19:43","slug":"vorbereitung-auf-die-muendliche-pruefung-vor-erhalt-der-ladung","status":"publish","type":"post","link":"https:\/\/www.juristenkoffer.de\/refblog\/examen\/vorbereitung-auf-die-muendliche-pruefung-vor-erhalt-der-ladung\/","title":{"rendered":"Vorbereitung auf die m\u00fcndliche Pr\u00fcfung VOR Erhalt der Ladung"},"content":{"rendered":"\n<div class=\"wp-block-image alignleft\"><figure class=\"alignleft size-full is-resized\"><a href=\"https:\/\/www.juristenkoffer.de\/refblog\/wp-content\/uploads\/2022\/09\/wahlfachrechtsanwaltschaftanwaltsrecht-1.png\"><img loading=\"lazy\" decoding=\"async\" src=\"https:\/\/www.juristenkoffer.de\/refblog\/wp-content\/uploads\/2022\/09\/wahlfachrechtsanwaltschaftanwaltsrecht-1.png\" alt=\"\" class=\"wp-image-12431\" width=\"150\" height=\"214\" srcset=\"https:\/\/www.juristenkoffer.de\/refblog\/wp-content\/uploads\/2022\/09\/wahlfachrechtsanwaltschaftanwaltsrecht-1.png 556w, https:\/\/www.juristenkoffer.de\/refblog\/wp-content\/uploads\/2022\/09\/wahlfachrechtsanwaltschaftanwaltsrecht-1-211x300.png 211w, https:\/\/www.juristenkoffer.de\/refblog\/wp-content\/uploads\/2022\/09\/wahlfachrechtsanwaltschaftanwaltsrecht-1-98x140.png 98w\" sizes=\"auto, (max-width: 150px) 100vw, 150px\" \/><\/a><\/figure><\/div>\n\n\n\n<p>Die &#8222;hei\u00dfe Phase&#8220; der Vorbereitung auf die M\u00fcndliche beginnt zwar\u00a0erst mit Erhalt der Ladung.\u00a0Aber auch vor Erhalt der Ladung kann und sollte man sich bereits auf die m\u00fcndliche Pr\u00fcfung vorbereiten. Hilfreich sind hierbei unter anderem das <a href=\"https:\/\/www.referendarbuchladen.de\/sonstige.php#insider-dossiers\">Insider-Dossier zu den Standardfragen<\/a> sowie unsere anonymisierten <a href=\"https:\/\/www.protokolle-assessorexamen.de\/wahlfach-aktenvortraege.php\">Wahlfach-Protokolle<\/a>.<\/p>\n\n\n\n<p>Die\u00a0Zeit bis zur m\u00fcndlichen Pr\u00fcfung\u00a0vergeht schneller als man\u00a0denkt. Auch wenn das Durcharbeiten der Protokolle erst m\u00f6glich ist, wenn man die Ladung erhalten hat und die Pr\u00fcfer namentlich kennt, findest Du auf Protokolle-Assessorexamen.de\u00a0hilfreiche Protokollsammlungen und B\u00fccher, um Dich bereits jetzt auf die m\u00fcndliche Pr\u00fcfung vorzubereiten.\u00a0<\/p>\n\n\n\n<!--more-->\n\n\n\n<p class=\"has-white-color has-text-color\">.<\/p>\n\n\n\n<p><strong>Protokolle zum Wahlfach \/ Berufsfeld \/ Schwerpunktbereich<\/strong><\/p>\n\n\n\n<p class=\"has-text-align-left\">In einigen L\u00e4ndern werden Referendare in der m\u00fcndlichen Pr\u00fcfung in einem Wahlfach, Schwerpunktbereich bzw. Berufsfeld gepr\u00fcft. Eine Vorbereitung auf diesen Teil der m\u00fcndlichen Pr\u00fcfung f\u00e4llt oftmals schwer, da sich in den Protokollen der eigenen Pr\u00fcfer in der Regel nur wenige Wahlfach-Protokolle finden. Um Dich bei der Vorbereitung optimal zu unterst\u00fctzen, kannst Du nun auf anonymisierte Wahlfach-Protokolle aus ganz Deutschland zugreifen.<\/p>\n\n\n\n<p>W\u00e4hle einfach die passende\u00a0<strong><a href=\"https:\/\/www.protokolle-assessorexamen.de\/wahlfach-aktenvortraege.php\">Protokoll-Sammlung f\u00fcr Dein Wahlfach<\/a><\/strong>:<\/p>\n\n\n\n<p><em>\u00bb&nbsp;Anwaltschaft und Anwaltsrecht<br>\u00bb&nbsp;Arbeitsrecht und Sozialrecht<br>\u00bb&nbsp;Europarecht, Intern.Recht + V\u00f6lkerrecht<br>\u00bb&nbsp;Familien- und Erbrecht<br>\u00bb&nbsp;Justiz und Internationales Privatrecht<br>\u00bb&nbsp;Steuern und Steuerrecht<br>\u00bb&nbsp;Strafrecht und Strafrechtspflege<br>\u00bb&nbsp;Verwaltung und Verwaltungsrecht<br>\u00bb&nbsp;Wirtschaft und Wirtschaftsrecht<\/em><\/p>\n\n\n\n<p>Datenbank-Zugriff: 9,95 \u20ac<\/p>\n\n\n\n<p class=\"has-white-color has-text-color\">.<\/p>\n\n\n\n<p><strong>Standardfragen und -themen in der m\u00fcndlichen Pr\u00fcfung<\/strong><\/p>\n\n\n\n<div class=\"wp-block-image alignright\"><figure class=\"alignright size-full is-resized\"><a href=\"https:\/\/www.juristenkoffer.de\/refblog\/wp-content\/uploads\/2022\/09\/coverinsiderdossier.jpg\"><img loading=\"lazy\" decoding=\"async\" src=\"https:\/\/www.juristenkoffer.de\/refblog\/wp-content\/uploads\/2022\/09\/coverinsiderdossier.jpg\" alt=\"\" class=\"wp-image-12432\" width=\"150\" height=\"200\" srcset=\"https:\/\/www.juristenkoffer.de\/refblog\/wp-content\/uploads\/2022\/09\/coverinsiderdossier.jpg 592w, https:\/\/www.juristenkoffer.de\/refblog\/wp-content\/uploads\/2022\/09\/coverinsiderdossier-226x300.jpg 226w, https:\/\/www.juristenkoffer.de\/refblog\/wp-content\/uploads\/2022\/09\/coverinsiderdossier-105x140.jpg 105w\" sizes=\"auto, (max-width: 150px) 100vw, 150px\" \/><\/a><\/figure><\/div>\n\n\n\n<p>F\u00fcr eine optimale Vorbereitung muss man sich intensiv mit den wichtigsten Standardfragen sowie\u00a0mit der aktuellen pr\u00fcfungsrelevanten Rechtsprechung befassen. Wir unterst\u00fctzen Dich dabei mit unserem Insider-Dossier.\u00a0Das Buch ist perfekt f\u00fcr die Vorbereitung vor Erhalt der Ladung geeignet und z\u00e4hlt zu den Standardwerken zur Pr\u00fcfungsvorbereitung; es\u00a0wird\u00a0j\u00e4hrlich von mehr als zweitausend Referendaren\u00a0genutzt.<\/p>\n\n\n\n<p><em>-> erh\u00e4ltlich u.a. im <a href=\"https:\/\/www.referendarbuchladen.de\/sonstige.php#insider-dossiers\">Referendarbuchladen<\/a><\/em><\/p>\n\n\n\n<p>19,95 \u20ac (Print) \/ 14,95 \u20ac (E-Book)<\/p>\n\n\n\n<p class=\"has-white-color has-text-color\">.<\/p>\n\n\n\n<p><strong>Der Fall des Monats f\u00fcr Rechtsreferendare<\/strong><\/p>\n\n\n\n<p>Jeden Monatsanfang ver\u00f6ffentlichen wir auf\u00a0Protokolle-Assessorexamen.de <a href=\"https:\/\/www.protokolle-assessorexamen.de\/rechtsprechung.php\">den &#8222;Fall des Monats&#8220; f\u00fcr Rechtsreferendare<\/a>. Hierbei handelt es sich um eine Entscheidung, die perfekt f\u00fcr m\u00fcndliche Pr\u00fcfungen geeignet und die uns daher bei Durchsicht der Protokolle bereits mehrfach aufgefallen ist. Wir empfehlen Dir, in den Monaten vor Erhalt der Ladung regelm\u00e4\u00dfig auf unserer Seite den Fall des Monats kostenlos herunterzuladen und anzuschauen. [RefN]<\/p>\n","protected":false},"excerpt":{"rendered":"<p>Die &#8222;hei\u00dfe Phase&#8220; der Vorbereitung auf die M\u00fcndliche beginnt zwar\u00a0erst mit Erhalt der Ladung.\u00a0Aber auch vor Erhalt der Ladung kann und sollte man sich bereits auf die m\u00fcndliche Pr\u00fcfung vorbereiten. Hilfreich sind hierbei unter anderem das Insider-Dossier zu den Standardfragen sowie unsere anonymisierten Wahlfach-Protokolle. Die\u00a0Zeit bis zur m\u00fcndlichen Pr\u00fcfung\u00a0vergeht schneller als man\u00a0denkt. Auch wenn das [&hellip;]<\/p>\n","protected":false},"author":64,"featured_media":0,"comment_status":"open","ping_status":"open","sticky":false,"template":"","format":"standard","meta":{"footnotes":""},"categories":[51],"tags":[],"class_list":["post-12428","post","type-post","status-publish","format-standard","hentry","category-examen"],"_links":{"self":[{"href":"https:\/\/www.juristenkoffer.de\/refblog\/wp-json\/wp\/v2\/posts\/12428","targetHints":{"allow":["GET"]}}],"collection":[{"href":"https:\/\/www.juristenkoffer.de\/refblog\/wp-json\/wp\/v2\/posts"}],"about":[{"href":"https:\/\/www.juristenkoffer.de\/refblog\/wp-json\/wp\/v2\/types\/post"}],"author":[{"embeddable":true,"href":"https:\/\/www.juristenkoffer.de\/refblog\/wp-json\/wp\/v2\/users\/64"}],"replies":[{"embeddable":true,"href":"https:\/\/www.juristenkoffer.de\/refblog\/wp-json\/wp\/v2\/comments?post=12428"}],"version-history":[{"count":8,"href":"https:\/\/www.juristenkoffer.de\/refblog\/wp-json\/wp\/v2\/posts\/12428\/revisions"}],"predecessor-version":[{"id":12441,"href":"https:\/\/www.juristenkoffer.de\/refblog\/wp-json\/wp\/v2\/posts\/12428\/revisions\/12441"}],"wp:attachment":[{"href":"https:\/\/www.juristenkoffer.de\/refblog\/wp-json\/wp\/v2\/media?parent=12428"}],"wp:term":[{"taxonomy":"category","embeddable":true,"href":"https:\/\/www.juristenkoffer.de\/refblog\/wp-json\/wp\/v2\/categories?post=12428"},{"taxonomy":"post_tag","embeddable":true,"href":"https:\/\/www.juristenkoffer.de\/refblog\/wp-json\/wp\/v2\/tags?post=12428"}],"curies":[{"name":"wp","href":"https:\/\/api.w.org\/{rel}","templated":true}]}}