{"id":12198,"date":"2020-10-20T15:08:45","date_gmt":"2020-10-20T13:08:45","guid":{"rendered":"https:\/\/www.juristenkoffer.de\/refblog\/?p=12198"},"modified":"2020-10-18T15:17:26","modified_gmt":"2020-10-18T13:17:26","slug":"schlechtere-leistungen-der-referendare-wegen-corona","status":"publish","type":"post","link":"https:\/\/www.juristenkoffer.de\/refblog\/examen\/schlechtere-leistungen-der-referendare-wegen-corona\/","title":{"rendered":"Schlechtere Leistungen der Referendare wegen Corona?"},"content":{"rendered":"<p><img loading=\"lazy\" decoding=\"async\" class=\"alignleft size-thumbnail wp-image-8164\" src=\"https:\/\/www.juristenkoffer.de\/refblog\/wp-content\/uploads\/2013\/08\/MH9004221762-150x150.jpg\" alt=\"\" width=\"150\" height=\"150\" \/>W\u00e4hrend der Corona-Pandemie haben einige (aber nicht alle) Ausbildungsgerichte die Ausbildung der Rechtsreferendare von Pr\u00e4senzunterricht auf Online-Unterricht umgestellt. Da derzeit die Infektionszahlen wieder dramatisch steigen, ist davon auszugehen, dass das digitale Lernen auch in den n\u00e4chsten Wochen und Monaten Bestandteil des juristischen Vorbereitungsdienstes bleiben wird.<\/p>\n<p>Laut\u00a0dem\u00a0Berliner\u00a0Richter und Leiter von Arbeitsgemeinschaften Andr\u00e9 Lietzmann ist derzeit eine signifikante Verschlechterung der Ergebnisse der Probeexamensklausuren zu verzeichnen, wie die Frankfurter Allgemeine Zeitung online berichtet. Der Grund hierf\u00fcr ist m\u00f6glicherweise die digitale Lehre, <a href=\"https:\/\/www.faz.net\/aktuell\/karriere-hochschule\/hoersaal\/folge-von-digitaler-lehre-notenabfall-bei-rechtsreferendaren-16997706.html\" target=\"_blank\">wie Lietzmann vermutet<\/a>:<!--more--><\/p>\n<blockquote><p>\u201eIm Pr\u00e4senzunterricht schaue ich in f\u00fcnfzehn Gesichter, und wenn mich dann zweifelnde Augenpaare ansehen, erkl\u00e4re ich das Gesagte noch einmal anders. Diese non-verbale Kommunikation fehlt bei einer Teilnahme \u00fcber ein Online-Tool. Auf meinem Bildschirm sehe ich nie alle f\u00fcnfzehn Referendare, sondern nur einen Teil davon, weil ich ja auch meine eigenen Folien auf dem Bildschirm anschauen muss. Ich kann also nicht erkennen, was verstanden wurde, und was nicht.&#8220;<\/p><\/blockquote>\n<p>Wenn der AG-Leiter mit seiner Vermutung Recht hat, dann ist zu bef\u00fcrchten, dass die Referendare, die derzeit vom Online-Unterricht betroffen sind, auch im zweiten Staatsexamen deutlich schlechter abschneiden werden. Dies m\u00fcsste\u00a0anschlie\u00dfend &#8211; sofern der Korrekturma\u00dfstab durch das LJPA nicht angeglichen wird &#8211; auch in den Statistiken ablesbar sein.<\/p>\n","protected":false},"excerpt":{"rendered":"<p>W\u00e4hrend der Corona-Pandemie haben einige (aber nicht alle) Ausbildungsgerichte die Ausbildung der Rechtsreferendare von Pr\u00e4senzunterricht auf Online-Unterricht umgestellt. Da derzeit die Infektionszahlen wieder dramatisch steigen, ist davon auszugehen, dass das digitale Lernen auch in den n\u00e4chsten Wochen und Monaten Bestandteil des juristischen Vorbereitungsdienstes bleiben wird. Laut\u00a0dem\u00a0Berliner\u00a0Richter und Leiter von Arbeitsgemeinschaften Andr\u00e9 Lietzmann ist derzeit eine [&hellip;]<\/p>\n","protected":false},"author":2,"featured_media":0,"comment_status":"open","ping_status":"open","sticky":false,"template":"","format":"standard","meta":{"footnotes":""},"categories":[117,51],"tags":[],"class_list":["post-12198","post","type-post","status-publish","format-standard","hentry","category-berlin","category-examen"],"_links":{"self":[{"href":"https:\/\/www.juristenkoffer.de\/refblog\/wp-json\/wp\/v2\/posts\/12198","targetHints":{"allow":["GET"]}}],"collection":[{"href":"https:\/\/www.juristenkoffer.de\/refblog\/wp-json\/wp\/v2\/posts"}],"about":[{"href":"https:\/\/www.juristenkoffer.de\/refblog\/wp-json\/wp\/v2\/types\/post"}],"author":[{"embeddable":true,"href":"https:\/\/www.juristenkoffer.de\/refblog\/wp-json\/wp\/v2\/users\/2"}],"replies":[{"embeddable":true,"href":"https:\/\/www.juristenkoffer.de\/refblog\/wp-json\/wp\/v2\/comments?post=12198"}],"version-history":[{"count":1,"href":"https:\/\/www.juristenkoffer.de\/refblog\/wp-json\/wp\/v2\/posts\/12198\/revisions"}],"predecessor-version":[{"id":12199,"href":"https:\/\/www.juristenkoffer.de\/refblog\/wp-json\/wp\/v2\/posts\/12198\/revisions\/12199"}],"wp:attachment":[{"href":"https:\/\/www.juristenkoffer.de\/refblog\/wp-json\/wp\/v2\/media?parent=12198"}],"wp:term":[{"taxonomy":"category","embeddable":true,"href":"https:\/\/www.juristenkoffer.de\/refblog\/wp-json\/wp\/v2\/categories?post=12198"},{"taxonomy":"post_tag","embeddable":true,"href":"https:\/\/www.juristenkoffer.de\/refblog\/wp-json\/wp\/v2\/tags?post=12198"}],"curies":[{"name":"wp","href":"https:\/\/api.w.org\/{rel}","templated":true}]}}