{"id":12194,"date":"2020-10-18T14:57:01","date_gmt":"2020-10-18T12:57:01","guid":{"rendered":"https:\/\/www.juristenkoffer.de\/refblog\/?p=12194"},"modified":"2020-10-18T14:57:01","modified_gmt":"2020-10-18T12:57:01","slug":"teilnahme-an-arbeitsgemeinschaften-im-praesenzbetrieb-fuer-rechtsreferendare-zumutbar","status":"publish","type":"post","link":"https:\/\/www.juristenkoffer.de\/refblog\/allgemein\/teilnahme-an-arbeitsgemeinschaften-im-praesenzbetrieb-fuer-rechtsreferendare-zumutbar\/","title":{"rendered":"Teilnahme an Arbeitsgemeinschaften im Pr\u00e4senzbetrieb f\u00fcr Rechtsreferendare zumutbar"},"content":{"rendered":"<p><img loading=\"lazy\" decoding=\"async\" class=\"alignleft size-full wp-image-7061\" src=\"https:\/\/www.juristenkoffer.de\/refblog\/wp-content\/uploads\/2013\/01\/MP900405396.jpg\" alt=\"\" width=\"150\" height=\"150\" \/>Eine Rechtsreferendarin, die im Oberlandesgerichtsbezirk D\u00fcsseldorf ihren juristischen Vorbereitungsdienst leistet, kann nicht unter Hinweis auf eine Gef\u00e4hrdung ihrer Eltern, mit denen sie in Haushaltsgemeinschaft lebt, verlangen, von der Pr\u00e4senzpflicht in der Arbeitsgemeinschaft befreit zu werden. Das hat die 10.\u00a0Kammer des Verwaltungsgerichts D\u00fcsseldorf mit Beschluss vom gestrigen Tage entschieden und den Antrag der Referendarin, den Pr\u00e4sidenten des Oberlandesgerichts im Eilverfahren zu einer derartigen Befreiung zu verpflichten, abgelehnt.<\/p>\n<p>Zur Begr\u00fcndung hat das Gericht ausgef\u00fchrt, der Antrag sei bereits unzul\u00e4ssig, weil die Antragstellerin es vers\u00e4umt habe, vor Anrufung des Gerichts beim\u00a0<abbr title=\"Oberlandesgericht\">OLG<\/abbr>-Pr\u00e4sidenten die Befreiung von der Anwesenheitspflicht zu beantragen.<!--more--> Dieser sei nach dem Juristenausbildungsgesetz f\u00fcr die Entscheidung \u00fcber Ausnahmen von der Pflicht zur Teilnahme an den \u00dcbungsstunden der Arbeitsgemeinschaft zust\u00e4ndig. Mit Schreiben des Pr\u00e4sidenten des zust\u00e4ndigen Landgerichts vom 3.\u00a0September\u00a02020 sei die Wiedereinf\u00fchrung des Pr\u00e4senzbetriebs und die Anwesenheit aller Rechtsreferendare in den Arbeitsgemeinschaften ab Anfang Oktober\u00a02020 angeordnet worden. Nach Erhalt des Schreibens habe die Antragstellerin sich lediglich bei dem Ausbildungsleiter des Landgerichts erkundigt, ob es eine M\u00f6glichkeit zur Befreiung von der Pr\u00e4senzpflicht<abbr title=\"beziehungsweise\">\u00a0<abbr title=\"beziehungsweise\">bzw.<\/abbr>\u00a0<\/abbr>alternative Ausbildungsoptionen gebe, jedoch nach Verneinung dieser Frage keinen f\u00f6rmlichen Antrag beim\u00a0<abbr title=\"Oberlandesgericht\">OLG<\/abbr>-Pr\u00e4sidenten gestellt.<\/p>\n<p style=\"border:1px solid; padding: 5px; margin: 2px 0px 10px 0px; line-height: 150%\">\n\t\t\t\tDie RefNews sind das Blog von Juristenkoffer.de - einem der ersten und mit weit mehr als 35.000 zufriedenen Kunden einem der gr\u00f6\u00dften Vermieter von Kommentaren in Deutschland. Bist Du bereits Rechtsreferendar, hast Dir aber noch keinen Juristenkoffer reserviert? Dann informiere Dich jetzt \u00fcber unser Angebot und <a href=\"https:\/\/www.juristenkoffer.de\/angebot.php?rel=textartikelrefnews\" target=\"_blank\">sichere Dir schnell Deine Examenskommentare<\/a>!\n\t\t\t\t<\/p>\n<p>Die Kammer hat weiter darauf hingewiesen, dass der Antrag auch in der Sache keine Aussicht auf Erfolg gehabt h\u00e4tte. Denn das Landgericht habe die Unterrichtsr\u00e4ume unter anderem mit Plexiglasw\u00e4nden zwischen den Sitzpl\u00e4tzen ausgestattet und ein umfangreiches Hygienekonzept entwickelt. Diese Ma\u00dfnahmen seien zum gegenw\u00e4rtigen Zeitpunkt ausreichend, um das Risiko einer Infektion mit dem SARS-CoV-2-Virus auf ein zumutbares Ma\u00df zu reduzieren.<\/p>\n<p>Gegen den Beschluss kann Beschwerde beim Oberverwaltungsgericht f\u00fcr das Land Nordrhein-Westfalen in M\u00fcnster eingelegt werden.<\/p>\n<p><em>Quelle: Pressemitteilung des VG D\u00fcsseldorf <a href=\"https:\/\/www.vg-duesseldorf.nrw.de\/behoerde\/presse\/pressemitteilungen\/2020\/202041\/index.php\">Nr. 41\/2020<\/a> v. 07.10.2020<\/em><\/p>\n","protected":false},"excerpt":{"rendered":"<p>Eine Rechtsreferendarin, die im Oberlandesgerichtsbezirk D\u00fcsseldorf ihren juristischen Vorbereitungsdienst leistet, kann nicht unter Hinweis auf eine Gef\u00e4hrdung ihrer Eltern, mit denen sie in Haushaltsgemeinschaft lebt, verlangen, von der Pr\u00e4senzpflicht in der Arbeitsgemeinschaft befreit zu werden. Das hat die 10.\u00a0Kammer des Verwaltungsgerichts D\u00fcsseldorf mit Beschluss vom gestrigen Tage entschieden und den Antrag der Referendarin, den Pr\u00e4sidenten [&hellip;]<\/p>\n","protected":false},"author":2,"featured_media":0,"comment_status":"open","ping_status":"open","sticky":false,"template":"","format":"standard","meta":{"footnotes":""},"categories":[1],"tags":[],"class_list":["post-12194","post","type-post","status-publish","format-standard","hentry","category-allgemein"],"_links":{"self":[{"href":"https:\/\/www.juristenkoffer.de\/refblog\/wp-json\/wp\/v2\/posts\/12194","targetHints":{"allow":["GET"]}}],"collection":[{"href":"https:\/\/www.juristenkoffer.de\/refblog\/wp-json\/wp\/v2\/posts"}],"about":[{"href":"https:\/\/www.juristenkoffer.de\/refblog\/wp-json\/wp\/v2\/types\/post"}],"author":[{"embeddable":true,"href":"https:\/\/www.juristenkoffer.de\/refblog\/wp-json\/wp\/v2\/users\/2"}],"replies":[{"embeddable":true,"href":"https:\/\/www.juristenkoffer.de\/refblog\/wp-json\/wp\/v2\/comments?post=12194"}],"version-history":[{"count":1,"href":"https:\/\/www.juristenkoffer.de\/refblog\/wp-json\/wp\/v2\/posts\/12194\/revisions"}],"predecessor-version":[{"id":12195,"href":"https:\/\/www.juristenkoffer.de\/refblog\/wp-json\/wp\/v2\/posts\/12194\/revisions\/12195"}],"wp:attachment":[{"href":"https:\/\/www.juristenkoffer.de\/refblog\/wp-json\/wp\/v2\/media?parent=12194"}],"wp:term":[{"taxonomy":"category","embeddable":true,"href":"https:\/\/www.juristenkoffer.de\/refblog\/wp-json\/wp\/v2\/categories?post=12194"},{"taxonomy":"post_tag","embeddable":true,"href":"https:\/\/www.juristenkoffer.de\/refblog\/wp-json\/wp\/v2\/tags?post=12194"}],"curies":[{"name":"wp","href":"https:\/\/api.w.org\/{rel}","templated":true}]}}