{"id":12170,"date":"2020-09-16T08:56:02","date_gmt":"2020-09-16T06:56:02","guid":{"rendered":"https:\/\/www.juristenkoffer.de\/refblog\/?p=12170"},"modified":"2020-09-09T16:00:18","modified_gmt":"2020-09-09T14:00:18","slug":"fall-des-monats-september-2020-kuttenverbot-vor-dem-bverfg","status":"publish","type":"post","link":"https:\/\/www.juristenkoffer.de\/refblog\/allgemein\/fall-des-monats-september-2020-kuttenverbot-vor-dem-bverfg\/","title":{"rendered":"Fall des Monats September 2020: Kuttenverbot vor dem BVerfG"},"content":{"rendered":"<p><img loading=\"lazy\" decoding=\"async\" class=\"alignleft size-thumbnail wp-image-12171\" src=\"https:\/\/www.juristenkoffer.de\/refblog\/wp-content\/uploads\/2020\/09\/118771177_4329975767075544_7043306396343375425_o-150x150.jpg\" alt=\"\" width=\"150\" height=\"150\" srcset=\"https:\/\/www.juristenkoffer.de\/refblog\/wp-content\/uploads\/2020\/09\/118771177_4329975767075544_7043306396343375425_o-150x150.jpg 150w, https:\/\/www.juristenkoffer.de\/refblog\/wp-content\/uploads\/2020\/09\/118771177_4329975767075544_7043306396343375425_o-300x300.jpg 300w, https:\/\/www.juristenkoffer.de\/refblog\/wp-content\/uploads\/2020\/09\/118771177_4329975767075544_7043306396343375425_o-768x768.jpg 768w, https:\/\/www.juristenkoffer.de\/refblog\/wp-content\/uploads\/2020\/09\/118771177_4329975767075544_7043306396343375425_o-1024x1024.jpg 1024w, https:\/\/www.juristenkoffer.de\/refblog\/wp-content\/uploads\/2020\/09\/118771177_4329975767075544_7043306396343375425_o-140x140.jpg 140w, https:\/\/www.juristenkoffer.de\/refblog\/wp-content\/uploads\/2020\/09\/118771177_4329975767075544_7043306396343375425_o.jpg 1080w\" sizes=\"auto, (max-width: 150px) 100vw, 150px\" \/>Nach den verwaltungsgerichtlichen Entscheidungen zum Verbot des Tragens von Rockerkutten gibt es nun eine Entscheidung des Bundesverfassungsgerichts hierzu. Aus Erfahrung wissen wir, dass das Thema Kuttenverbot gerne von Pr\u00fcfern in der m\u00fcndlichen Pr\u00fcfung im 2. Examen aufgegriffen wird. Dies wird so auch beim Beschluss des BVerfG sein, gerade weil der Beschluss auch noch weitere interessante Rechtsfragen enth\u00e4lt, \u00fcber die man diskutieren kann.<\/p>\n<p>Lies jetzt auf <a href=\"https:\/\/www.protokolle-assessorexamen.de\/rechtsprechung.php\">Protokolle-Assessorexamen.de<\/a> den kompletten aktuellen Fall des Monats online oder hol Dir den Download als PDF.<\/p>\n","protected":false},"excerpt":{"rendered":"<p>Nach den verwaltungsgerichtlichen Entscheidungen zum Verbot des Tragens von Rockerkutten gibt es nun eine Entscheidung des Bundesverfassungsgerichts hierzu. Aus Erfahrung wissen wir, dass das Thema Kuttenverbot gerne von Pr\u00fcfern in der m\u00fcndlichen Pr\u00fcfung im 2. Examen aufgegriffen wird. Dies wird so auch beim Beschluss des BVerfG sein, gerade weil der Beschluss auch noch weitere interessante [&hellip;]<\/p>\n","protected":false},"author":2,"featured_media":0,"comment_status":"open","ping_status":"open","sticky":false,"template":"","format":"standard","meta":{"footnotes":""},"categories":[1],"tags":[],"class_list":["post-12170","post","type-post","status-publish","format-standard","hentry","category-allgemein"],"_links":{"self":[{"href":"https:\/\/www.juristenkoffer.de\/refblog\/wp-json\/wp\/v2\/posts\/12170","targetHints":{"allow":["GET"]}}],"collection":[{"href":"https:\/\/www.juristenkoffer.de\/refblog\/wp-json\/wp\/v2\/posts"}],"about":[{"href":"https:\/\/www.juristenkoffer.de\/refblog\/wp-json\/wp\/v2\/types\/post"}],"author":[{"embeddable":true,"href":"https:\/\/www.juristenkoffer.de\/refblog\/wp-json\/wp\/v2\/users\/2"}],"replies":[{"embeddable":true,"href":"https:\/\/www.juristenkoffer.de\/refblog\/wp-json\/wp\/v2\/comments?post=12170"}],"version-history":[{"count":5,"href":"https:\/\/www.juristenkoffer.de\/refblog\/wp-json\/wp\/v2\/posts\/12170\/revisions"}],"predecessor-version":[{"id":12176,"href":"https:\/\/www.juristenkoffer.de\/refblog\/wp-json\/wp\/v2\/posts\/12170\/revisions\/12176"}],"wp:attachment":[{"href":"https:\/\/www.juristenkoffer.de\/refblog\/wp-json\/wp\/v2\/media?parent=12170"}],"wp:term":[{"taxonomy":"category","embeddable":true,"href":"https:\/\/www.juristenkoffer.de\/refblog\/wp-json\/wp\/v2\/categories?post=12170"},{"taxonomy":"post_tag","embeddable":true,"href":"https:\/\/www.juristenkoffer.de\/refblog\/wp-json\/wp\/v2\/tags?post=12170"}],"curies":[{"name":"wp","href":"https:\/\/api.w.org\/{rel}","templated":true}]}}