{"id":12130,"date":"2020-06-02T09:53:57","date_gmt":"2020-06-02T07:53:57","guid":{"rendered":"https:\/\/www.juristenkoffer.de\/refblog\/?p=12130"},"modified":"2020-06-02T09:53:57","modified_gmt":"2020-06-02T07:53:57","slug":"fall-des-monats-juni-2020","status":"publish","type":"post","link":"https:\/\/www.juristenkoffer.de\/refblog\/examen\/fall-des-monats-juni-2020\/","title":{"rendered":"Fall des Monats Juni 2020"},"content":{"rendered":"<p><img loading=\"lazy\" decoding=\"async\" class=\"alignleft size-full wp-image-5910\" src=\"https:\/\/www.juristenkoffer.de\/refblog\/wp-content\/uploads\/2012\/06\/Urteil.png\" alt=\"Urteil\" width=\"150\" height=\"150\" \/>Das Diesel-Urteil des BGH wird in den n\u00e4chsten Wochen und Monaten in den m\u00fcndlichen Pr\u00fcfungen rauf und runter gepr\u00fcft werden.\u00a0Obwohl es \u2013 wenn wir das an dieser Stelle so sagen d\u00fcrfen \u2013 moralisch mehr als gerechtfertigt ist, dass VW einen \u201eauf den Deckel\u201c bekommen hat, so muss ein Gericht \u2013 und auch ein Pr\u00fcfling in der m\u00fcndlichen Pr\u00fcfung \u2013 gut begr\u00fcnden k\u00f6nnen, warum dies nach dem Gesetz auch so richtig ist. Und dies ist in den Diesel-F\u00e4llen gar nicht mal so einfach. Ein Grund mehr, warum sich die Entscheidungen zum Abgas-Skandal perfekt f\u00fcr m\u00fcndliche Pr\u00fcfungen eignen.<\/p>\n<p>Dieser Fall des Monats, der ab sofort <a href=\"https:\/\/www.protokolle-assessorexamen.de\/rechtsprechung.php\">auf der Seite protokolle-assessorexamen.de abrufbar ist<\/a>, ist eine Pflichtlekt\u00fcre f\u00fcr alle, die demn\u00e4chst m\u00fcndliche Pr\u00fcfung haben!<\/p>\n","protected":false},"excerpt":{"rendered":"<p>Das Diesel-Urteil des BGH wird in den n\u00e4chsten Wochen und Monaten in den m\u00fcndlichen Pr\u00fcfungen rauf und runter gepr\u00fcft werden.\u00a0Obwohl es \u2013 wenn wir das an dieser Stelle so sagen d\u00fcrfen \u2013 moralisch mehr als gerechtfertigt ist, dass VW einen \u201eauf den Deckel\u201c bekommen hat, so muss ein Gericht \u2013 und auch ein Pr\u00fcfling in [&hellip;]<\/p>\n","protected":false},"author":2,"featured_media":0,"comment_status":"open","ping_status":"open","sticky":false,"template":"","format":"standard","meta":{"footnotes":""},"categories":[51],"tags":[],"class_list":["post-12130","post","type-post","status-publish","format-standard","hentry","category-examen"],"_links":{"self":[{"href":"https:\/\/www.juristenkoffer.de\/refblog\/wp-json\/wp\/v2\/posts\/12130","targetHints":{"allow":["GET"]}}],"collection":[{"href":"https:\/\/www.juristenkoffer.de\/refblog\/wp-json\/wp\/v2\/posts"}],"about":[{"href":"https:\/\/www.juristenkoffer.de\/refblog\/wp-json\/wp\/v2\/types\/post"}],"author":[{"embeddable":true,"href":"https:\/\/www.juristenkoffer.de\/refblog\/wp-json\/wp\/v2\/users\/2"}],"replies":[{"embeddable":true,"href":"https:\/\/www.juristenkoffer.de\/refblog\/wp-json\/wp\/v2\/comments?post=12130"}],"version-history":[{"count":1,"href":"https:\/\/www.juristenkoffer.de\/refblog\/wp-json\/wp\/v2\/posts\/12130\/revisions"}],"predecessor-version":[{"id":12131,"href":"https:\/\/www.juristenkoffer.de\/refblog\/wp-json\/wp\/v2\/posts\/12130\/revisions\/12131"}],"wp:attachment":[{"href":"https:\/\/www.juristenkoffer.de\/refblog\/wp-json\/wp\/v2\/media?parent=12130"}],"wp:term":[{"taxonomy":"category","embeddable":true,"href":"https:\/\/www.juristenkoffer.de\/refblog\/wp-json\/wp\/v2\/categories?post=12130"},{"taxonomy":"post_tag","embeddable":true,"href":"https:\/\/www.juristenkoffer.de\/refblog\/wp-json\/wp\/v2\/tags?post=12130"}],"curies":[{"name":"wp","href":"https:\/\/api.w.org\/{rel}","templated":true}]}}