{"id":12119,"date":"2020-05-01T10:50:41","date_gmt":"2020-05-01T08:50:41","guid":{"rendered":"https:\/\/www.juristenkoffer.de\/refblog\/?p=12119"},"modified":"2020-04-29T10:55:59","modified_gmt":"2020-04-29T08:55:59","slug":"fall-des-monats-mai-2020-oeffnungsverbot-grossflaechiger-einzelhaendler","status":"publish","type":"post","link":"https:\/\/www.juristenkoffer.de\/refblog\/examen\/fall-des-monats-mai-2020-oeffnungsverbot-grossflaechiger-einzelhaendler\/","title":{"rendered":"Fall des Monats Mai 2020 &#8211; \u00d6ffnungsverbot gro\u00dffl\u00e4chiger Einzelh\u00e4ndler"},"content":{"rendered":"<p><img loading=\"lazy\" decoding=\"async\" class=\"alignleft size-thumbnail wp-image-8748\" src=\"https:\/\/www.juristenkoffer.de\/refblog\/wp-content\/uploads\/2014\/02\/rechtsprechung-150x150.png\" alt=\"\" width=\"150\" height=\"150\" \/>Jeden Monat erscheint auf <a href=\"https:\/\/www.protokolle-assessorexamen.de\/rechtsprechung.php\">protokolle-assessorexamen.de<\/a> ein Fall, der besonders geeignet f\u00fcr eine m\u00fcndliche Pr\u00fcfung ist bzw. bereits h\u00e4ufig von Pr\u00fcfern zum Gegenstand ihrer Pr\u00fcfung gemacht wird.<\/p>\n<p>Nachdem im M\u00e4rz wegen der Corona-Pandemie viele m\u00fcndliche Pr\u00fcfungen abgesagt wurden, werden seit Ende April wieder Pr\u00fcfungen von den JPAs der L\u00e4nder abgenommen. Die ersten Protokolle, die wir erhalten haben, zeigen, dass einige Pr\u00fcfer auf aktuelle Corona-Entscheidungen eingehen &#8211; so wie zB die Eilantr\u00e4ge gegen das \u00d6ffnungsverbot von Einzelh\u00e4ndlern mit einer Verkaufsfl\u00e4che von mehr als 800 qm.<!--more-->01<\/p>\n<p>\u00dcber die Frage der Rechtm\u00e4\u00dfigkeit solcher \u00d6ffnungsverbote mussten der Bayerische Verwaltungsgerichtshof sowie das Verwaltungsgericht Hamburg entscheiden. Beide Gerichte kamen &#8211; mit unterschiedlicher Begr\u00fcndung &#8211; zu dem Ergebnis, dass die \u00d6ffnungsverbote rechtswidrig sind. Die Begr\u00fcndungen hierf\u00fcr sollte man kennen. Daher unsere Empfehlung: Der <a href=\"https:\/\/www.protokolle-assessorexamen.de\/rechtsprechung.php\">Fall des Monats Mai 2020<\/a>.<\/p>\n","protected":false},"excerpt":{"rendered":"<p>Jeden Monat erscheint auf protokolle-assessorexamen.de ein Fall, der besonders geeignet f\u00fcr eine m\u00fcndliche Pr\u00fcfung ist bzw. bereits h\u00e4ufig von Pr\u00fcfern zum Gegenstand ihrer Pr\u00fcfung gemacht wird. Nachdem im M\u00e4rz wegen der Corona-Pandemie viele m\u00fcndliche Pr\u00fcfungen abgesagt wurden, werden seit Ende April wieder Pr\u00fcfungen von den JPAs der L\u00e4nder abgenommen. Die ersten Protokolle, die wir erhalten [&hellip;]<\/p>\n","protected":false},"author":2,"featured_media":0,"comment_status":"open","ping_status":"open","sticky":false,"template":"","format":"standard","meta":{"footnotes":""},"categories":[51],"tags":[],"class_list":["post-12119","post","type-post","status-publish","format-standard","hentry","category-examen"],"_links":{"self":[{"href":"https:\/\/www.juristenkoffer.de\/refblog\/wp-json\/wp\/v2\/posts\/12119","targetHints":{"allow":["GET"]}}],"collection":[{"href":"https:\/\/www.juristenkoffer.de\/refblog\/wp-json\/wp\/v2\/posts"}],"about":[{"href":"https:\/\/www.juristenkoffer.de\/refblog\/wp-json\/wp\/v2\/types\/post"}],"author":[{"embeddable":true,"href":"https:\/\/www.juristenkoffer.de\/refblog\/wp-json\/wp\/v2\/users\/2"}],"replies":[{"embeddable":true,"href":"https:\/\/www.juristenkoffer.de\/refblog\/wp-json\/wp\/v2\/comments?post=12119"}],"version-history":[{"count":1,"href":"https:\/\/www.juristenkoffer.de\/refblog\/wp-json\/wp\/v2\/posts\/12119\/revisions"}],"predecessor-version":[{"id":12120,"href":"https:\/\/www.juristenkoffer.de\/refblog\/wp-json\/wp\/v2\/posts\/12119\/revisions\/12120"}],"wp:attachment":[{"href":"https:\/\/www.juristenkoffer.de\/refblog\/wp-json\/wp\/v2\/media?parent=12119"}],"wp:term":[{"taxonomy":"category","embeddable":true,"href":"https:\/\/www.juristenkoffer.de\/refblog\/wp-json\/wp\/v2\/categories?post=12119"},{"taxonomy":"post_tag","embeddable":true,"href":"https:\/\/www.juristenkoffer.de\/refblog\/wp-json\/wp\/v2\/tags?post=12119"}],"curies":[{"name":"wp","href":"https:\/\/api.w.org\/{rel}","templated":true}]}}