{"id":12082,"date":"2020-03-05T18:46:21","date_gmt":"2020-03-05T16:46:21","guid":{"rendered":"https:\/\/www.juristenkoffer.de\/refblog\/?p=12082"},"modified":"2020-03-05T18:57:43","modified_gmt":"2020-03-05T16:57:43","slug":"coronavirus-und-2-staatsexamen","status":"publish","type":"post","link":"https:\/\/www.juristenkoffer.de\/refblog\/allgemein\/coronavirus-und-2-staatsexamen\/","title":{"rendered":"Coronavirus und 2. Staatsexamen"},"content":{"rendered":"<p><img loading=\"lazy\" decoding=\"async\" class=\"alignleft size-full wp-image-6429\" src=\"https:\/\/www.juristenkoffer.de\/refblog\/wp-content\/uploads\/2010\/08\/MP900444553.jpg\" alt=\"\" width=\"150\" height=\"150\" \/>In unserem <a href=\"https:\/\/www.forum-zur-letzten-instanz.de\/showthread.php?tid=1614&amp;page=3\">Forum<\/a> wird bereits spekuliert, ob das Coronavirus Auswirkungen auf die anstehenden Examensdurchg\u00e4nge haben k\u00f6nnte. Und mit aller Vorsicht: Angeblich hat sich\u00a0die Justizverwaltung gegen\u00fcber dem <a href=\"https:\/\/www.tagesspiegel.de\/berlin\/coronavirus-in-berlin-jetzt-13-infizierte-bestaetigt-vivantes-eroeffnet-zwei-neue-anlaufstellen\/25605226.html\">Tagesspiegel<\/a>\u00a0(dort Meldung 5. M\u00e4rz 2020 14:24) folgenderma\u00dfen ge\u00e4u\u00dfert:<\/p>\n<p>&#8222;Schniefnasen vom Juristischen Staatsexamen ausgeschlossen<\/p>\n<p>Auch die Justizverwaltung zieht Konsequenzen aus der sich steigernden Zahl der Corona-Infizierten in Berlin und schlie\u00dft Examenskandidatinnen und -kandidaten von der in der kommenden Woche anstehenden Pr\u00fcfung f\u00fcr das Zweite Juristische Staatsexamen aus.<b>\u00a0<\/b>\u201eWer schnieft, schreibt nicht\u201c, sagte der Sprecher der Justizverwaltung <!--more-->unserer Redakteurin Ronja Ringelstein. Wer Krankheitssymptome aufweise und in den vergangenen zwei Wochen in einem der vom Robert-Koch-Institut ausgewiesenen Risikogebiete (China, Norditalien, S\u00fcdkorea und Iran) war oder im gleichen Zeitraum belegten Kontakt zu einer mit dem Corona-Virus infizierten Person hatte, wird von den\u00a0schriftlichen Pr\u00fcfungen ausgeschlossen. Wer hustet oder schnupft, wird gebeten wieder nach Hause zu gehen.<br \/>\nF\u00fcr die Examenskandidatinnen kann das sogar von Vorteil sein \u2013 wer innerhalb der Examenskampagne eine Erk\u00e4ltung bekommt, muss das nicht wie sonst \u00fcblich vom Amtsarzt best\u00e4tigen lassen, sondern kann schlicht den Hausarzt aufsuchen und die Pr\u00fcfungen dann in der n\u00e4chsten Examenskampagne im Juni schreiben.&#8220;<\/p>\n<p>Aber erst einmal abwarten, wie sich das alles in den n\u00e4chsten Tagen entwickelt&#8230;<\/p>\n<p>UPDATE: Laut LTO gibt es tats\u00e4chlich eine entsprechende offizielle <a href=\"https:\/\/www.lto.de\/recht\/studium-referendariat\/s\/berlin-corona-virus-zweite-staatspruefung-kampagne-maerz-attest-hausarzt\/\">Mitteilung der Senatsverwaltung<\/a>!<\/p>\n","protected":false},"excerpt":{"rendered":"<p>In unserem Forum wird bereits spekuliert, ob das Coronavirus Auswirkungen auf die anstehenden Examensdurchg\u00e4nge haben k\u00f6nnte. Und mit aller Vorsicht: Angeblich hat sich\u00a0die Justizverwaltung gegen\u00fcber dem Tagesspiegel\u00a0(dort Meldung 5. M\u00e4rz 2020 14:24) folgenderma\u00dfen ge\u00e4u\u00dfert: &#8222;Schniefnasen vom Juristischen Staatsexamen ausgeschlossen Auch die Justizverwaltung zieht Konsequenzen aus der sich steigernden Zahl der Corona-Infizierten in Berlin und schlie\u00dft [&hellip;]<\/p>\n","protected":false},"author":2,"featured_media":0,"comment_status":"open","ping_status":"open","sticky":false,"template":"","format":"standard","meta":{"footnotes":""},"categories":[1],"tags":[],"class_list":["post-12082","post","type-post","status-publish","format-standard","hentry","category-allgemein"],"_links":{"self":[{"href":"https:\/\/www.juristenkoffer.de\/refblog\/wp-json\/wp\/v2\/posts\/12082","targetHints":{"allow":["GET"]}}],"collection":[{"href":"https:\/\/www.juristenkoffer.de\/refblog\/wp-json\/wp\/v2\/posts"}],"about":[{"href":"https:\/\/www.juristenkoffer.de\/refblog\/wp-json\/wp\/v2\/types\/post"}],"author":[{"embeddable":true,"href":"https:\/\/www.juristenkoffer.de\/refblog\/wp-json\/wp\/v2\/users\/2"}],"replies":[{"embeddable":true,"href":"https:\/\/www.juristenkoffer.de\/refblog\/wp-json\/wp\/v2\/comments?post=12082"}],"version-history":[{"count":4,"href":"https:\/\/www.juristenkoffer.de\/refblog\/wp-json\/wp\/v2\/posts\/12082\/revisions"}],"predecessor-version":[{"id":12086,"href":"https:\/\/www.juristenkoffer.de\/refblog\/wp-json\/wp\/v2\/posts\/12082\/revisions\/12086"}],"wp:attachment":[{"href":"https:\/\/www.juristenkoffer.de\/refblog\/wp-json\/wp\/v2\/media?parent=12082"}],"wp:term":[{"taxonomy":"category","embeddable":true,"href":"https:\/\/www.juristenkoffer.de\/refblog\/wp-json\/wp\/v2\/categories?post=12082"},{"taxonomy":"post_tag","embeddable":true,"href":"https:\/\/www.juristenkoffer.de\/refblog\/wp-json\/wp\/v2\/tags?post=12082"}],"curies":[{"name":"wp","href":"https:\/\/api.w.org\/{rel}","templated":true}]}}