{"id":1204,"date":"2026-01-27T02:01:01","date_gmt":"2026-01-27T02:01:01","guid":{"rendered":"http:\/\/www.juristenkoffer.de\/refblog\/?p=1204"},"modified":"2021-01-08T16:31:19","modified_gmt":"2021-01-08T14:31:19","slug":"sind-kosten-fuer-die-weisze-krawatte-als-werbungskosten-ansetzbar","status":"publish","type":"post","link":"https:\/\/www.juristenkoffer.de\/refblog\/strafrechtsstation\/sind-kosten-fuer-die-weisze-krawatte-als-werbungskosten-ansetzbar\/","title":{"rendered":"Sind Kosten f\u00fcr die wei\u00dfe Krawatte als Werbungskosten ansetzbar?"},"content":{"rendered":"<p><img loading=\"lazy\" decoding=\"async\" class=\"alignleft size-full wp-image-5770\" title=\"\" src=\"https:\/\/www.juristenkoffer.de\/refblog\/wp-content\/uploads\/2009\/09\/krahblikbl.png\" alt=\"\" width=\"150\" height=\"160\" \/>Als Referendar hat man chronisch wenig Geld und freut sich auf die Abgabe der Steuererkl\u00e4rung, da man gute Chancen hat, die Lohnsteuer wieder zu bekommen. Sofern die j\u00e4hrlichen Eink\u00fcnfte abz\u00fcglich Pauschbetr\u00e4gen etc. also unter dem Grundfreibetrag bleiben, gibt\u00b4s keine Probleme und die \u00dcberweisung vom Finanzamt darf freudig erwartet werden.<\/p>\n<p>Wenn dem nun nicht so ist, z\u00e4hlt jeder Pfennig, der\u00a0als Werbungskosten angesetzt werden kann.<!--more-->\u00a0Dieser Artikel besch\u00e4ftigt sich mit der M\u00f6glichkeit des Ansetzens der Anschaffungs- und Reinigungskosten von der wei\u00dfen Staatsanwaltskrawatte. Hierzu m\u00fcsste es sich dann also bei der Krawatte um typische Berufskleidung handeln, es reicht nicht aus, dass sie zugleich der F\u00f6rderung des Berufs dient.<\/p>\n<p>Nach der Rechtsprechung des BFH liegt typische Berufskleidung vor, &#8222;wenn die berufliche Verwendungsbestimmung bereits in ihrer Beschaffenheit entweder durch ihre Unterscheidungsfunktion, wie z.B. bei Uniformen oder durch dauerhaft angebrachte Firmenembleme, oder durch ihre Schutzfunktion &#8211; wie bei Schutzanz\u00fcgen, Arbeitsschuhen o.\u00e4. &#8211; zum Ausdruck kommt&#8230;&#8220; (BFH, 06.06. 2005, VI B 80\/04). Die Qualifizierung als typische Berufskleidung scheidet aber schon dann aus, wenn die Benutzung als normale b\u00fcrgerliche Kleidung im Rahmen des M\u00f6glichen und \u00dcblichen liegt.<\/p>\n<p>Andererseits hat der BFH folgenden Fall trotz der Alltagstauglichkeit anerkannt f\u00fcr die Ber\u00fccksichtigung als Werbungskosten: schwarzer Anzug eines Leichenbestatters. Als Grund wurde angef\u00fchrt, dass die vom \u00fcblichen Verwendungszweck unterschiedliche Funktion dem schwarzen Anzug den Charakter einer typischen Berufskleidung verleihe. Au\u00dferdem handelt es sich bei dem schwarzen Anzug um ein Kleidungsst\u00fcck, das angesichts seiner beruflichen Verwendung eine Verwendung im privaten Bereich nicht mehr zul\u00e4sst (BFH, 30.09.1970, I R 33\/69).<\/p>\n<p>Leider war eine Entscheidung zur wei\u00dfen Krawatte nicht zu finden, wir m\u00fcssen also mal wieder selbst unseren juristischen Sachverstand anstrengen. Meiner Ansicht nach sind die wei\u00dfen Krawatten f\u00fcr private Zwecke nicht nutzbar, das tragen wei\u00dfer Krawatten ist doch eher un\u00fcblich, sofern man nicht gerade heiratet oder als Al Capone zum Karneval geht. Im Grunde m\u00fcsste es aber so sein, dass sich die Entscheidung nach den jeweiligen Modegepflogenheiten der Zeit richtet. Sofern also in den n\u00e4chsten Jahren neben wei\u00dfen Autos wieder wei\u00dfe Krawatten \u00fcblich werden, kann das alles schon wieder v\u00f6llig anders aussehen.<\/p>\n<p>Lange Rede, kurzer Sinn: Einfach die Quittung mit einreichen, der Finanzbeamte wird sich schon melden, wenn er es f\u00fcr falsch h\u00e4lt! \ud83d\ude42<br \/>\nWeitere interessante Entscheidung hierzu: <a href=\"http:\/\/www.rechtsprechung.saarland.de\/cgi-bin\/rechtsprechung\/document.py?Gericht=sl&amp;nr=1633\">FG Saarbr\u00fccken, 28.1.2008, 2 K 1497\/07<\/a>.\u00a0[RefN]<\/p>\n","protected":false},"excerpt":{"rendered":"<p>Als Referendar hat man chronisch wenig Geld und freut sich auf die Abgabe der Steuererkl\u00e4rung, da man gute Chancen hat, die Lohnsteuer wieder zu bekommen. Sofern die j\u00e4hrlichen Eink\u00fcnfte abz\u00fcglich Pauschbetr\u00e4gen etc. also unter dem Grundfreibetrag bleiben, gibt\u00b4s keine Probleme und die \u00dcberweisung vom Finanzamt darf freudig erwartet werden. Wenn dem nun nicht so ist, [&hellip;]<\/p>\n","protected":false},"author":3,"featured_media":0,"comment_status":"open","ping_status":"open","sticky":false,"template":"","format":"standard","meta":{"footnotes":""},"categories":[4],"tags":[331,330,328,329],"class_list":["post-1204","post","type-post","status-publish","format-standard","hentry","category-strafrechtsstation","tag-berufskleidung","tag-steuererklaerung","tag-weisze-krawatte","tag-werbungskosten"],"_links":{"self":[{"href":"https:\/\/www.juristenkoffer.de\/refblog\/wp-json\/wp\/v2\/posts\/1204","targetHints":{"allow":["GET"]}}],"collection":[{"href":"https:\/\/www.juristenkoffer.de\/refblog\/wp-json\/wp\/v2\/posts"}],"about":[{"href":"https:\/\/www.juristenkoffer.de\/refblog\/wp-json\/wp\/v2\/types\/post"}],"author":[{"embeddable":true,"href":"https:\/\/www.juristenkoffer.de\/refblog\/wp-json\/wp\/v2\/users\/3"}],"replies":[{"embeddable":true,"href":"https:\/\/www.juristenkoffer.de\/refblog\/wp-json\/wp\/v2\/comments?post=1204"}],"version-history":[{"count":15,"href":"https:\/\/www.juristenkoffer.de\/refblog\/wp-json\/wp\/v2\/posts\/1204\/revisions"}],"predecessor-version":[{"id":12241,"href":"https:\/\/www.juristenkoffer.de\/refblog\/wp-json\/wp\/v2\/posts\/1204\/revisions\/12241"}],"wp:attachment":[{"href":"https:\/\/www.juristenkoffer.de\/refblog\/wp-json\/wp\/v2\/media?parent=1204"}],"wp:term":[{"taxonomy":"category","embeddable":true,"href":"https:\/\/www.juristenkoffer.de\/refblog\/wp-json\/wp\/v2\/categories?post=1204"},{"taxonomy":"post_tag","embeddable":true,"href":"https:\/\/www.juristenkoffer.de\/refblog\/wp-json\/wp\/v2\/tags?post=1204"}],"curies":[{"name":"wp","href":"https:\/\/api.w.org\/{rel}","templated":true}]}}