{"id":11981,"date":"2019-09-27T08:21:21","date_gmt":"2019-09-27T06:21:21","guid":{"rendered":"https:\/\/www.juristenkoffer.de\/refblog\/?p=11981"},"modified":"2019-09-27T08:21:21","modified_gmt":"2019-09-27T06:21:21","slug":"wir-sind-rechtsstaat","status":"publish","type":"post","link":"https:\/\/www.juristenkoffer.de\/refblog\/allgemein\/wir-sind-rechtsstaat\/","title":{"rendered":"Wir sind Rechtsstaat"},"content":{"rendered":"<p><img loading=\"lazy\" decoding=\"async\" class=\"alignnone size-full wp-image-3381 alignleft\" src=\"https:\/\/www.juristenkoffer.de\/refblog\/wp-content\/uploads\/2011\/03\/MH900292574.jpg\" alt=\"\" width=\"150\" height=\"150\" \/>Am 20. September 2019 startete der Rechtsstaat eine Werbekampagne unter dem Slogan <em><a href=\"https:\/\/www.bmjv.de\/SharedDocs\/Pressemitteilungen\/DE\/2019\/092019_WirSindRechtsstaat.html\" target=\"_blank\">Wir sind Rechtsstaat<\/a><\/em> quasi f\u00fcr sich selbst. Mit Plakaten, Werbeclips in Kinos und auf YouTube sowie mit Social-Media-Aktionen m\u00f6chte das Bundesministerium der Justiz und f\u00fcr Verbraucherschutz die Bedeutung des demokratischen Rechtsstaats hervorheben, ihn f\u00fcr die B\u00fcrger transparenter machen, sie informieren und aufkl\u00e4ren. Im Januar wurde zwischen Bund und L\u00e4ndern der<a href=\"https:\/\/www.juristenkoffer.de\/refblog\/allgemein\/wer-bezahlt-die-versprochenen-2-000-neuen-stellen-in-der-justiz\/\" target=\"_blank\"> Pakt f\u00fcr den Rechtsstaat<\/a> beschlossen. Diese Kampagne nun stellt einen Teil von diesem dar.<!--more--><\/p>\n<p>Im Fokus stehen die Grundrechte, auf die jeder Mensch in Deutschland einen Anspruch hat. So werden u.a. Religionsfreiheit, Chancengleichheit, Meinungs- und Versammlungsfreiheit thematisiert.<\/p>\n<p><a href=\"https:\/\/www.horizont.net\/galerien\/Die-Kampagnenmotive-4130\" target=\"_blank\">Die Kampagnenspr\u00fcche:<\/a><\/p>\n<p><em>&#8222;Wir sind unschuldig. Bis das Gegenteil feststeht&#8220;<\/em><br \/>\n<em>&#8222;Wir sind stark. Und halten zusammen&#8220;<\/em><br \/>\n<em>&#8222;Wir glauben an die Freiheit. Und an die Freiheit des Glaubens&#8220;<\/em><br \/>\n<em>&#8222;Wir stellen uns Fragen. Und suchen nach Antworten&#8220;<\/em><br \/>\n<em>&#8222;Wir sind Liebe, die bleibt. Und ein Land, das dazulernt&#8220;<\/em><br \/>\n<em>&#8222;Wir sind Einigkeit und Recht und Freiheit&#8220;<\/em><br \/>\n<em>&#8222;Wir leben Vielfalt. Nach dem Prinzip der Gleichheit&#8220;<\/em><br \/>\n<em>&#8222;Wir sch\u00fctzen vor Willk\u00fcr. Und schw\u00f6ren auf Gerechtigkeit&#8220;<\/em><\/p>\n<p>Ob dieser hohe Kostenaufwand wirklich n\u00f6tig ist, dar\u00fcber l\u00e4sst sich streiten&#8230;<\/p>\n","protected":false},"excerpt":{"rendered":"<p>Am 20. September 2019 startete der Rechtsstaat eine Werbekampagne unter dem Slogan Wir sind Rechtsstaat quasi f\u00fcr sich selbst. Mit Plakaten, Werbeclips in Kinos und auf YouTube sowie mit Social-Media-Aktionen m\u00f6chte das Bundesministerium der Justiz und f\u00fcr Verbraucherschutz die Bedeutung des demokratischen Rechtsstaats hervorheben, ihn f\u00fcr die B\u00fcrger transparenter machen, sie informieren und aufkl\u00e4ren. Im [&hellip;]<\/p>\n","protected":false},"author":64,"featured_media":0,"comment_status":"open","ping_status":"open","sticky":false,"template":"","format":"standard","meta":{"footnotes":""},"categories":[1],"tags":[],"class_list":["post-11981","post","type-post","status-publish","format-standard","hentry","category-allgemein"],"_links":{"self":[{"href":"https:\/\/www.juristenkoffer.de\/refblog\/wp-json\/wp\/v2\/posts\/11981","targetHints":{"allow":["GET"]}}],"collection":[{"href":"https:\/\/www.juristenkoffer.de\/refblog\/wp-json\/wp\/v2\/posts"}],"about":[{"href":"https:\/\/www.juristenkoffer.de\/refblog\/wp-json\/wp\/v2\/types\/post"}],"author":[{"embeddable":true,"href":"https:\/\/www.juristenkoffer.de\/refblog\/wp-json\/wp\/v2\/users\/64"}],"replies":[{"embeddable":true,"href":"https:\/\/www.juristenkoffer.de\/refblog\/wp-json\/wp\/v2\/comments?post=11981"}],"version-history":[{"count":2,"href":"https:\/\/www.juristenkoffer.de\/refblog\/wp-json\/wp\/v2\/posts\/11981\/revisions"}],"predecessor-version":[{"id":11984,"href":"https:\/\/www.juristenkoffer.de\/refblog\/wp-json\/wp\/v2\/posts\/11981\/revisions\/11984"}],"wp:attachment":[{"href":"https:\/\/www.juristenkoffer.de\/refblog\/wp-json\/wp\/v2\/media?parent=11981"}],"wp:term":[{"taxonomy":"category","embeddable":true,"href":"https:\/\/www.juristenkoffer.de\/refblog\/wp-json\/wp\/v2\/categories?post=11981"},{"taxonomy":"post_tag","embeddable":true,"href":"https:\/\/www.juristenkoffer.de\/refblog\/wp-json\/wp\/v2\/tags?post=11981"}],"curies":[{"name":"wp","href":"https:\/\/api.w.org\/{rel}","templated":true}]}}