{"id":11938,"date":"2019-06-19T10:48:13","date_gmt":"2019-06-19T08:48:13","guid":{"rendered":"https:\/\/www.juristenkoffer.de\/refblog\/?p=11938"},"modified":"2019-06-19T10:48:13","modified_gmt":"2019-06-19T08:48:13","slug":"restplaetze-in-nrw-2","status":"publish","type":"post","link":"https:\/\/www.juristenkoffer.de\/refblog\/nrw\/restplaetze-in-nrw-2\/","title":{"rendered":"Restpl\u00e4tze in NRW"},"content":{"rendered":"<p><img loading=\"lazy\" decoding=\"async\" class=\"alignnone size-full wp-image-7117 alignleft\" src=\"https:\/\/www.juristenkoffer.de\/refblog\/wp-content\/uploads\/2013\/01\/schild2.jpg\" alt=\"\" width=\"150\" height=\"150\" \/>Du m\u00f6chtest dein Rechtsreferendariat in NRW absolvieren, hast aber noch keinen Ausbildungsplatz? Wie auf der Internetseite des OLG Hamm bekannt gegeben wurde (Stand 06.06.2019) stehen derzeit noch Restpl\u00e4tze zur Verf\u00fcgung! Auf unserer <a href=\"https:\/\/www.juristenkoffer.de\/rechtsreferendariat\/nordrhein-westfalen\/\" target=\"_blank\">RefInfo-Seite<\/a> kannst du dich gerne vorab informieren, wie das Referendariat in NRW abl\u00e4uft, welche Voraussetzungen zur Einstellung es gibt, in welchen groben Z\u00fcgen das Bewerbungsverfahren gestaltet wird und wie die Statistiken zur zweiten juristischen Staatspr\u00fcfung aussehen.<!--more--><\/p>\n<p>&nbsp;<\/p>\n<p><strong>Landgericht Dortmund und Essen<\/strong><br \/>\nEinstellungstermin 1. August 2019<\/p>\n<p><strong>Landgericht Bochum<\/strong><br \/>\nEinstellungstermin 1. Juli 2019<\/p>\n<p><strong>Landgericht Paderborn<\/strong><br \/>\nEinstellungstermin 1. September 2019<br \/>\nHier kann sich auch beworben werden, wenn die erste Pr\u00fcfung erst nach Ablauf der Bewerbungsfrist abgelegt wird.<\/p>\n<p>Ansprechpartner: Herr Rolfes (02381\/272-4314) und Frau Dittmar (02381\/272-4312)<\/p>\n<p>Bevor ihr eine Bewerbung abschickt, wird auf in jedem Fall darum gebeten, sich erst mit den oben genannten Ansprechpartnern in Verbindung zu setzen.<\/p>\n","protected":false},"excerpt":{"rendered":"<p>Du m\u00f6chtest dein Rechtsreferendariat in NRW absolvieren, hast aber noch keinen Ausbildungsplatz? Wie auf der Internetseite des OLG Hamm bekannt gegeben wurde (Stand 06.06.2019) stehen derzeit noch Restpl\u00e4tze zur Verf\u00fcgung! Auf unserer RefInfo-Seite kannst du dich gerne vorab informieren, wie das Referendariat in NRW abl\u00e4uft, welche Voraussetzungen zur Einstellung es gibt, in welchen groben Z\u00fcgen [&hellip;]<\/p>\n","protected":false},"author":64,"featured_media":0,"comment_status":"open","ping_status":"open","sticky":false,"template":"","format":"standard","meta":{"footnotes":""},"categories":[41],"tags":[],"class_list":["post-11938","post","type-post","status-publish","format-standard","hentry","category-nrw"],"_links":{"self":[{"href":"https:\/\/www.juristenkoffer.de\/refblog\/wp-json\/wp\/v2\/posts\/11938","targetHints":{"allow":["GET"]}}],"collection":[{"href":"https:\/\/www.juristenkoffer.de\/refblog\/wp-json\/wp\/v2\/posts"}],"about":[{"href":"https:\/\/www.juristenkoffer.de\/refblog\/wp-json\/wp\/v2\/types\/post"}],"author":[{"embeddable":true,"href":"https:\/\/www.juristenkoffer.de\/refblog\/wp-json\/wp\/v2\/users\/64"}],"replies":[{"embeddable":true,"href":"https:\/\/www.juristenkoffer.de\/refblog\/wp-json\/wp\/v2\/comments?post=11938"}],"version-history":[{"count":2,"href":"https:\/\/www.juristenkoffer.de\/refblog\/wp-json\/wp\/v2\/posts\/11938\/revisions"}],"predecessor-version":[{"id":11940,"href":"https:\/\/www.juristenkoffer.de\/refblog\/wp-json\/wp\/v2\/posts\/11938\/revisions\/11940"}],"wp:attachment":[{"href":"https:\/\/www.juristenkoffer.de\/refblog\/wp-json\/wp\/v2\/media?parent=11938"}],"wp:term":[{"taxonomy":"category","embeddable":true,"href":"https:\/\/www.juristenkoffer.de\/refblog\/wp-json\/wp\/v2\/categories?post=11938"},{"taxonomy":"post_tag","embeddable":true,"href":"https:\/\/www.juristenkoffer.de\/refblog\/wp-json\/wp\/v2\/tags?post=11938"}],"curies":[{"name":"wp","href":"https:\/\/api.w.org\/{rel}","templated":true}]}}