{"id":11840,"date":"2019-01-22T10:11:45","date_gmt":"2019-01-22T08:11:45","guid":{"rendered":"https:\/\/www.juristenkoffer.de\/refblog\/?p=11840"},"modified":"2019-01-22T10:57:08","modified_gmt":"2019-01-22T08:57:08","slug":"wie-sich-der-frauentag-auf-das-2-examen-auswirkt","status":"publish","type":"post","link":"https:\/\/www.juristenkoffer.de\/refblog\/berlin\/wie-sich-der-frauentag-auf-das-2-examen-auswirkt\/","title":{"rendered":"Wie sich der Frauentag auf das 2. Examen auswirkt"},"content":{"rendered":"<p style=\"text-align: left;\"><img loading=\"lazy\" decoding=\"async\" class=\"size-thumbnail wp-image-7481 alignleft\" src=\"https:\/\/www.juristenkoffer.de\/refblog\/wp-content\/uploads\/2013\/03\/MP900405396-150x150.jpg\" alt=\"\" width=\"150\" height=\"150\" \/>Nun ist es amtlich &#8211; Berlin bekommt einen neuen Feiertag! Der Internationale Frauentag wurde als neuer gesetzlicher Feiertag ins Leben gerufen. Am 21. Januar 2019 hat das Berliner Abgeordnetenhaus einer \u00c4nderung des Gesetzes \u00fcber die Sonn- und Feiertage zugestimmt. Die <a href=\"https:\/\/www.rbb24.de\/politik\/beitrag\/2019\/01\/berlin-innenausschuss-beschliesst-neuen-berliner-feiertag-am-8-maerz.html\" target=\"_blank\">Koalitionsfraktionen<\/a> von SPD, Linken und Gr\u00fcnen stimmten daf\u00fcr. Die FDP bef\u00fcrchtete Steuereinbu\u00dfen und CDU und AfD h\u00e4tten lieber einen anderen Tag gew\u00e4hlt oder das Volk bei der Suche mehr mit einbezogen.<\/p>\n<p style=\"text-align: left;\">Schon in diesem Jahr soll er stattfinden. Alle Berliner k\u00f6nnen sich freuen, denn am 8.M\u00e4rz d\u00fcrfen sie zu Hause bleiben. Dieses Jahr wird dann sogar ein verl\u00e4ngertes Wochenende draus, der Tag f\u00e4llt n\u00e4mlich auf einen Freitag. <!--more--><\/p>\n<p style=\"text-align: left;\">Das Datum stehe f\u00fcr einen \u00abFrauenkampftag\u00bb, erkl\u00e4rten die <a href=\"https:\/\/www.berlin.de\/special\/familien\/5597854-2864562-frauentag-8-maerz-neuer-feiertag.html\" target=\"_blank\">Gr\u00fcnen-Fraktionschefinnen Antje Kapek und Silke Gebel<\/a>. \u00abSolange Gleichberechtigung und Gleichstellung nicht erreicht sind, werden wir Gr\u00fcnen am 8. M\u00e4rz k\u00e4mpfen und nicht nur feiern\u00bb<\/p>\n<p style=\"text-align: left;\">Die Hauptstadt hatte mit 9 Feiertagen die wenigsten in der Bundesrepublik, Bayern mit 13 die meisten.<\/p>\n<p style=\"text-align: left;\">Auch auf das zweite juristische Staatsexamen wird sich der nun eingef\u00fchrte Feiertag auswirken. Denn eigentlich war f\u00fcr den 8. M\u00e4rz diesen Jahres Z II geplant. Da muss sich das GJPA wohl etwas einfallen lassen&#8230;<\/p>\n","protected":false},"excerpt":{"rendered":"<p>Nun ist es amtlich &#8211; Berlin bekommt einen neuen Feiertag! Der Internationale Frauentag wurde als neuer gesetzlicher Feiertag ins Leben gerufen. Am 21. Januar 2019 hat das Berliner Abgeordnetenhaus einer \u00c4nderung des Gesetzes \u00fcber die Sonn- und Feiertage zugestimmt. Die Koalitionsfraktionen von SPD, Linken und Gr\u00fcnen stimmten daf\u00fcr. Die FDP bef\u00fcrchtete Steuereinbu\u00dfen und CDU und [&hellip;]<\/p>\n","protected":false},"author":64,"featured_media":0,"comment_status":"open","ping_status":"open","sticky":false,"template":"","format":"standard","meta":{"footnotes":""},"categories":[117],"tags":[],"class_list":["post-11840","post","type-post","status-publish","format-standard","hentry","category-berlin"],"_links":{"self":[{"href":"https:\/\/www.juristenkoffer.de\/refblog\/wp-json\/wp\/v2\/posts\/11840","targetHints":{"allow":["GET"]}}],"collection":[{"href":"https:\/\/www.juristenkoffer.de\/refblog\/wp-json\/wp\/v2\/posts"}],"about":[{"href":"https:\/\/www.juristenkoffer.de\/refblog\/wp-json\/wp\/v2\/types\/post"}],"author":[{"embeddable":true,"href":"https:\/\/www.juristenkoffer.de\/refblog\/wp-json\/wp\/v2\/users\/64"}],"replies":[{"embeddable":true,"href":"https:\/\/www.juristenkoffer.de\/refblog\/wp-json\/wp\/v2\/comments?post=11840"}],"version-history":[{"count":7,"href":"https:\/\/www.juristenkoffer.de\/refblog\/wp-json\/wp\/v2\/posts\/11840\/revisions"}],"predecessor-version":[{"id":11847,"href":"https:\/\/www.juristenkoffer.de\/refblog\/wp-json\/wp\/v2\/posts\/11840\/revisions\/11847"}],"wp:attachment":[{"href":"https:\/\/www.juristenkoffer.de\/refblog\/wp-json\/wp\/v2\/media?parent=11840"}],"wp:term":[{"taxonomy":"category","embeddable":true,"href":"https:\/\/www.juristenkoffer.de\/refblog\/wp-json\/wp\/v2\/categories?post=11840"},{"taxonomy":"post_tag","embeddable":true,"href":"https:\/\/www.juristenkoffer.de\/refblog\/wp-json\/wp\/v2\/tags?post=11840"}],"curies":[{"name":"wp","href":"https:\/\/api.w.org\/{rel}","templated":true}]}}