{"id":11731,"date":"2018-07-27T10:35:02","date_gmt":"2018-07-27T08:35:02","guid":{"rendered":"https:\/\/www.juristenkoffer.de\/refblog\/?p=11731"},"modified":"2018-07-27T10:35:02","modified_gmt":"2018-07-27T08:35:02","slug":"wer-bezahlt-die-versprochenen-2-000-neuen-stellen-in-der-justiz","status":"publish","type":"post","link":"https:\/\/www.juristenkoffer.de\/refblog\/allgemein\/wer-bezahlt-die-versprochenen-2-000-neuen-stellen-in-der-justiz\/","title":{"rendered":"Wer bezahlt die versprochenen 2.000 neuen Stellen in der Justiz?"},"content":{"rendered":"<p><img loading=\"lazy\" decoding=\"async\" class=\"alignnone size-full wp-image-10956 alignleft\" src=\"https:\/\/www.juristenkoffer.de\/refblog\/wp-content\/uploads\/2016\/11\/MP900401813.jpg\" alt=\"\" width=\"150\" height=\"150\" srcset=\"https:\/\/www.juristenkoffer.de\/refblog\/wp-content\/uploads\/2016\/11\/MP900401813.jpg 150w, https:\/\/www.juristenkoffer.de\/refblog\/wp-content\/uploads\/2016\/11\/MP900401813-140x140.jpg 140w\" sizes=\"auto, (max-width: 150px) 100vw, 150px\" \/>Dass sich im Personalwesen der Justiz etwas \u00e4ndern muss, ist klar. Wir berichteten hier ja schon einige Mal \u00fcber <a href=\"https:\/\/www.juristenkoffer.de\/refblog\/nach-dem-referendariat\/personalmangel-bei-der-staatsanwaltschaft\/\" target=\"_blank\">Richter- und Staatsanwaltsmangel<\/a>, <a href=\"https:\/\/www.juristenkoffer.de\/refblog\/nach-dem-referendariat\/ueberlastung-an-den-verwaltungsgerichten\/\" target=\"_blank\">\u00fcberforderte Gerichte<\/a> usw. Nun sehen die Union und SPD einen <a href=\"https:\/\/www.lto.de\/recht\/justiz\/j\/pakt-fuer-den-rechtsstaat-antrag-nrw-bundesrat-aenderung-grundgesetz-finanzverfassung-justiz\/\" target=\"_blank\">&#8222;Pakt f\u00fcr den Rechtsstaat&#8220;<\/a> vor, der mindestens 2.000 neue Stellen f\u00fcr Richter und Staatsanw\u00e4lte bei den Gerichten der L\u00e4nder und des Bundes beinhaltet. Klingt erstmal gut, oder? Nur die Geldfrage ist noch lange nicht gekl\u00e4rt. Wer soll das bezahlen &#8211; der Bund oder die L\u00e4nder?\u00a0<!--more--><\/p>\n<p>Das Grundgesetz jedenfalls verbietet Bundeshilfen. Doch w\u00fcrden die L\u00e4nder die Finanzierung nicht alleine stemmen k\u00f6nnen, auf Unterst\u00fctzung des Bundes w\u00e4ren sie also angewiesen. Aufgrund dessen m\u00f6chte Nordrhein-Westfalen nun das Grundgesetz \u00e4ndern, indem den Vorschriften der Finanzverfassung noch ein Art. 104e eingef\u00fcgt wird: &#8222;Der Bund kann den L\u00e4ndern im gesamtstaatlichen Interesse liegende Finanzhilfen im Bereich der personellen und s\u00e4chlichen Ausstattung der Justiz gew\u00e4hren.&#8220;<\/p>\n<p style=\"border:1px solid; padding: 5px; margin: 2px 0px 10px 0px; line-height: 150%\">\n\t\t\t\tDie RefNews sind das Blog von Juristenkoffer.de - einem der ersten und mit weit mehr als 35.000 zufriedenen Kunden einem der gr\u00f6\u00dften Vermieter von Kommentaren in Deutschland. Bist Du bereits Rechtsreferendar, hast Dir aber noch keinen Juristenkoffer reserviert? Dann informiere Dich jetzt \u00fcber unser Angebot und <a href=\"https:\/\/www.juristenkoffer.de\/angebot.php?rel=textartikelrefnews\" target=\"_blank\">sichere Dir schnell Deine Examenskommentare<\/a>!\n\t\t\t\t<\/p>\n<p><a href=\"https:\/\/www.juris.de\/jportal\/portal\/page\/homerl.psml?nid=jnachr-JUNA180702031&amp;cmsuri=%2Fjuris%2Fde%2Fnachrichten%2Fzeigenachricht.jsp\" target=\"_blank\">Peter Biesenbach<\/a>, der Minister der Justiz in Nordrhein-Westfalen, setzte sich am 06. Juli 2018 im Bundesrat f\u00fcr eine finanzielle Beteiligung des Bundes ein. &#8222;Dass die Gro\u00dfe Koalition auf Bundesebene sich zur gesamtstaatlichen Verantwortung f\u00fcr die Justiz bekennt, begr\u00fc\u00dfe ich sehr. Allerdings darf der Pakt f\u00fcr den Rechtsstaat kein Vertrag zu Lasten Dritter sein. Deshalb geh\u00f6rt die finanzielle Beteiligung des Bundes an den Kosten f\u00fcr Personal und Ausstattung der Justiz zum unverzichtbaren Kern dieses Paktes.&#8220;<\/p>\n<p>Wir sind gespannt, wie das ausgeht wird&#8230;<\/p>\n","protected":false},"excerpt":{"rendered":"<p>Dass sich im Personalwesen der Justiz etwas \u00e4ndern muss, ist klar. Wir berichteten hier ja schon einige Mal \u00fcber Richter- und Staatsanwaltsmangel, \u00fcberforderte Gerichte usw. Nun sehen die Union und SPD einen &#8222;Pakt f\u00fcr den Rechtsstaat&#8220; vor, der mindestens 2.000 neue Stellen f\u00fcr Richter und Staatsanw\u00e4lte bei den Gerichten der L\u00e4nder und des Bundes beinhaltet. [&hellip;]<\/p>\n","protected":false},"author":64,"featured_media":0,"comment_status":"open","ping_status":"open","sticky":false,"template":"","format":"standard","meta":{"footnotes":""},"categories":[1],"tags":[],"class_list":["post-11731","post","type-post","status-publish","format-standard","hentry","category-allgemein"],"_links":{"self":[{"href":"https:\/\/www.juristenkoffer.de\/refblog\/wp-json\/wp\/v2\/posts\/11731","targetHints":{"allow":["GET"]}}],"collection":[{"href":"https:\/\/www.juristenkoffer.de\/refblog\/wp-json\/wp\/v2\/posts"}],"about":[{"href":"https:\/\/www.juristenkoffer.de\/refblog\/wp-json\/wp\/v2\/types\/post"}],"author":[{"embeddable":true,"href":"https:\/\/www.juristenkoffer.de\/refblog\/wp-json\/wp\/v2\/users\/64"}],"replies":[{"embeddable":true,"href":"https:\/\/www.juristenkoffer.de\/refblog\/wp-json\/wp\/v2\/comments?post=11731"}],"version-history":[{"count":1,"href":"https:\/\/www.juristenkoffer.de\/refblog\/wp-json\/wp\/v2\/posts\/11731\/revisions"}],"predecessor-version":[{"id":11732,"href":"https:\/\/www.juristenkoffer.de\/refblog\/wp-json\/wp\/v2\/posts\/11731\/revisions\/11732"}],"wp:attachment":[{"href":"https:\/\/www.juristenkoffer.de\/refblog\/wp-json\/wp\/v2\/media?parent=11731"}],"wp:term":[{"taxonomy":"category","embeddable":true,"href":"https:\/\/www.juristenkoffer.de\/refblog\/wp-json\/wp\/v2\/categories?post=11731"},{"taxonomy":"post_tag","embeddable":true,"href":"https:\/\/www.juristenkoffer.de\/refblog\/wp-json\/wp\/v2\/tags?post=11731"}],"curies":[{"name":"wp","href":"https:\/\/api.w.org\/{rel}","templated":true}]}}