{"id":11604,"date":"2018-02-19T13:57:57","date_gmt":"2018-02-19T11:57:57","guid":{"rendered":"http:\/\/www.juristenkoffer.de\/refblog\/?p=11604"},"modified":"2018-02-19T13:59:12","modified_gmt":"2018-02-19T11:59:12","slug":"erhoehung-der-unterhaltsbeihilfe-in-thueringen","status":"publish","type":"post","link":"https:\/\/www.juristenkoffer.de\/refblog\/thueringen\/erhoehung-der-unterhaltsbeihilfe-in-thueringen\/","title":{"rendered":"Erh\u00f6hung der Unterhaltsbeihilfe in Th\u00fcringen"},"content":{"rendered":"<p><img loading=\"lazy\" decoding=\"async\" class=\"size-thumbnail wp-image-7205 alignleft\" src=\"https:\/\/www.juristenkoffer.de\/refblog\/wp-content\/uploads\/2013\/02\/MP900427591-150x150.jpg\" alt=\"\" width=\"150\" height=\"150\" \/>Bis 2016 war Th\u00fcringen noch das einzige Bundesland, welches seine Rechtsreferendare noch als Beamte auf Widerruf eingestellt hat. Da am 16. M\u00e4rz 2016 der Th\u00fcringer Landtag aber das <em>Gesetz zur \u00c4nderung der Rechtsverh\u00e4ltnisse im juristischen Vorbereitungsdienst<\/em> verabschiedet hat, werden Referendare nun in einem <em>\u00f6ffentlich-rechtlichen Ausbildungsverh\u00e4ltni<\/em>s angestellt. Seit dem betrug die Unterhaltsbeihilfe 1.100,00\u20ac<!--more--><\/p>\n<p>Diese wurde ab dem 01.01.2018 um 200\u20ac erh\u00f6ht! So betr\u00e4gt sie aktuell 1.300,00\u20ac. Und damit geh\u00f6rt Th\u00fcringen zu den <a href=\"https:\/\/www.juristenkoffer.de\/rechtsreferendariat\/unterhaltsbeihilfe\/\" target=\"_blank\">drei bestzahlenden L\u00e4ndern<\/a>!<\/p>\n<p style=\"text-align: center;\">Brandenburg 1.358,89\u20ac<br \/>\nBayern 1.302,08\u20ac<br \/>\nTh\u00fcringen 1.300,00\u20ac<\/p>\n<p style=\"text-align: left;\"><p style=\"border:1px solid; padding: 5px; margin: 2px 0px 10px 0px; line-height: 150%\">\n\t\t\t\tDie RefNews sind das Blog von Juristenkoffer.de - einem der ersten und mit weit mehr als 35.000 zufriedenen Kunden einem der gr\u00f6\u00dften Vermieter von Kommentaren in Deutschland. Bist Du bereits Rechtsreferendar, hast Dir aber noch keinen Juristenkoffer reserviert? Dann informiere Dich jetzt \u00fcber unser Angebot und <a href=\"https:\/\/www.juristenkoffer.de\/angebot.php?rel=textartikelrefnews\" target=\"_blank\">sichere Dir schnell Deine Examenskommentare<\/a>!\n\t\t\t\t<\/p><\/p>\n<p style=\"text-align: left;\">Alles rund um das Referendariat in Th\u00fcringen erf\u00e4hrst Du auf unserer <a href=\"https:\/\/www.juristenkoffer.de\/rechtsreferendariat\/thueringen\/\" target=\"_blank\">RefInfo-Seite<\/a>.<\/p>\n","protected":false},"excerpt":{"rendered":"<p>Bis 2016 war Th\u00fcringen noch das einzige Bundesland, welches seine Rechtsreferendare noch als Beamte auf Widerruf eingestellt hat. Da am 16. M\u00e4rz 2016 der Th\u00fcringer Landtag aber das Gesetz zur \u00c4nderung der Rechtsverh\u00e4ltnisse im juristischen Vorbereitungsdienst verabschiedet hat, werden Referendare nun in einem \u00f6ffentlich-rechtlichen Ausbildungsverh\u00e4ltnis angestellt. Seit dem betrug die Unterhaltsbeihilfe 1.100,00\u20ac<\/p>\n","protected":false},"author":64,"featured_media":0,"comment_status":"open","ping_status":"open","sticky":false,"template":"","format":"standard","meta":{"footnotes":""},"categories":[266],"tags":[],"class_list":["post-11604","post","type-post","status-publish","format-standard","hentry","category-thueringen"],"_links":{"self":[{"href":"https:\/\/www.juristenkoffer.de\/refblog\/wp-json\/wp\/v2\/posts\/11604","targetHints":{"allow":["GET"]}}],"collection":[{"href":"https:\/\/www.juristenkoffer.de\/refblog\/wp-json\/wp\/v2\/posts"}],"about":[{"href":"https:\/\/www.juristenkoffer.de\/refblog\/wp-json\/wp\/v2\/types\/post"}],"author":[{"embeddable":true,"href":"https:\/\/www.juristenkoffer.de\/refblog\/wp-json\/wp\/v2\/users\/64"}],"replies":[{"embeddable":true,"href":"https:\/\/www.juristenkoffer.de\/refblog\/wp-json\/wp\/v2\/comments?post=11604"}],"version-history":[{"count":4,"href":"https:\/\/www.juristenkoffer.de\/refblog\/wp-json\/wp\/v2\/posts\/11604\/revisions"}],"predecessor-version":[{"id":11608,"href":"https:\/\/www.juristenkoffer.de\/refblog\/wp-json\/wp\/v2\/posts\/11604\/revisions\/11608"}],"wp:attachment":[{"href":"https:\/\/www.juristenkoffer.de\/refblog\/wp-json\/wp\/v2\/media?parent=11604"}],"wp:term":[{"taxonomy":"category","embeddable":true,"href":"https:\/\/www.juristenkoffer.de\/refblog\/wp-json\/wp\/v2\/categories?post=11604"},{"taxonomy":"post_tag","embeddable":true,"href":"https:\/\/www.juristenkoffer.de\/refblog\/wp-json\/wp\/v2\/tags?post=11604"}],"curies":[{"name":"wp","href":"https:\/\/api.w.org\/{rel}","templated":true}]}}