{"id":11592,"date":"2018-02-06T13:47:07","date_gmt":"2018-02-06T11:47:07","guid":{"rendered":"http:\/\/www.juristenkoffer.de\/refblog\/?p=11592"},"modified":"2018-02-06T13:50:57","modified_gmt":"2018-02-06T11:50:57","slug":"restplaetze-bei-den-lg-essen-und-dortmund-zu-vergeben","status":"publish","type":"post","link":"https:\/\/www.juristenkoffer.de\/refblog\/vor-dem-referendariat\/restplaetze-bei-den-lg-essen-und-dortmund-zu-vergeben\/","title":{"rendered":"Restpl\u00e4tze bei den LG Essen und Dortmund zu vergeben"},"content":{"rendered":"<p><img loading=\"lazy\" decoding=\"async\" class=\"size-thumbnail wp-image-7486 alignleft\" src=\"https:\/\/www.juristenkoffer.de\/refblog\/wp-content\/uploads\/2013\/03\/MP9004422071-150x150.jpg\" alt=\"\" width=\"150\" height=\"150\" \/>Das OLG Hamm hat noch kurzfristig zu besetzende Ausbildungspl\u00e4tze bei den Landgerichten Essen und Dortmund zu vergeben (Stand Februar 2018)! Einstellungstermin ist der 01.04.2018. Da es sich um Stellen handelt, die im regul\u00e4ren Zuteilungsverfahren nicht besetzt worden sind, werden sie au\u00dferhalb der Rangfolge vergeben. Es wird die Reihenfolge der Eing\u00e4nge beachtet.<!--more--><\/p>\n<p>Bei Interesse kontaktiert vor Bewerbung bitte die zust\u00e4ndige Referendarabteilung.<\/p>\n<p style=\"border:1px solid; padding: 5px; margin: 2px 0px 10px 0px; line-height: 150%\">\n\t\t\t\tDie RefNews sind das Blog von Juristenkoffer.de - einem der ersten und mit weit mehr als 35.000 zufriedenen Kunden einem der gr\u00f6\u00dften Vermieter von Kommentaren in Deutschland. Bist Du bereits Rechtsreferendar, hast Dir aber noch keinen Juristenkoffer reserviert? Dann informiere Dich jetzt \u00fcber unser Angebot und <a href=\"https:\/\/www.juristenkoffer.de\/angebot.php?rel=textartikelrefnews\" target=\"_blank\">sichere Dir schnell Deine Examenskommentare<\/a>!\n\t\t\t\t<\/p>\n<p>Auf der Seite des OLG Hamm wird darauf hingewiesen, dass vorhandene Restpl\u00e4tze sofort unter <a href=\"http:\/\/www.olg-hamm.nrw.de\/aufgaben\/geschaeftsverteilung\/zt-verwaltung\/dez05\/10_sammlung\/aktuelle_informationen\/index.php\" target=\"_blank\">&#8222;Aktuelle Informationen zum Einstellungsverfahren&#8220;<\/a> bekannt gegeben werden. Immer mal wieder vorbeischauen, lohnt sich also!<\/p>\n","protected":false},"excerpt":{"rendered":"<p>Das OLG Hamm hat noch kurzfristig zu besetzende Ausbildungspl\u00e4tze bei den Landgerichten Essen und Dortmund zu vergeben (Stand Februar 2018)! Einstellungstermin ist der 01.04.2018. Da es sich um Stellen handelt, die im regul\u00e4ren Zuteilungsverfahren nicht besetzt worden sind, werden sie au\u00dferhalb der Rangfolge vergeben. Es wird die Reihenfolge der Eing\u00e4nge beachtet.<\/p>\n","protected":false},"author":64,"featured_media":0,"comment_status":"open","ping_status":"open","sticky":false,"template":"","format":"standard","meta":{"footnotes":""},"categories":[41,6],"tags":[],"class_list":["post-11592","post","type-post","status-publish","format-standard","hentry","category-nrw","category-vor-dem-referendariat"],"_links":{"self":[{"href":"https:\/\/www.juristenkoffer.de\/refblog\/wp-json\/wp\/v2\/posts\/11592","targetHints":{"allow":["GET"]}}],"collection":[{"href":"https:\/\/www.juristenkoffer.de\/refblog\/wp-json\/wp\/v2\/posts"}],"about":[{"href":"https:\/\/www.juristenkoffer.de\/refblog\/wp-json\/wp\/v2\/types\/post"}],"author":[{"embeddable":true,"href":"https:\/\/www.juristenkoffer.de\/refblog\/wp-json\/wp\/v2\/users\/64"}],"replies":[{"embeddable":true,"href":"https:\/\/www.juristenkoffer.de\/refblog\/wp-json\/wp\/v2\/comments?post=11592"}],"version-history":[{"count":2,"href":"https:\/\/www.juristenkoffer.de\/refblog\/wp-json\/wp\/v2\/posts\/11592\/revisions"}],"predecessor-version":[{"id":11594,"href":"https:\/\/www.juristenkoffer.de\/refblog\/wp-json\/wp\/v2\/posts\/11592\/revisions\/11594"}],"wp:attachment":[{"href":"https:\/\/www.juristenkoffer.de\/refblog\/wp-json\/wp\/v2\/media?parent=11592"}],"wp:term":[{"taxonomy":"category","embeddable":true,"href":"https:\/\/www.juristenkoffer.de\/refblog\/wp-json\/wp\/v2\/categories?post=11592"},{"taxonomy":"post_tag","embeddable":true,"href":"https:\/\/www.juristenkoffer.de\/refblog\/wp-json\/wp\/v2\/tags?post=11592"}],"curies":[{"name":"wp","href":"https:\/\/api.w.org\/{rel}","templated":true}]}}