{"id":1152,"date":"2013-09-26T08:43:53","date_gmt":"2013-09-26T06:43:53","guid":{"rendered":"http:\/\/www.juristenkoffer.de\/refblog\/?p=1152"},"modified":"2013-09-26T13:03:16","modified_gmt":"2013-09-26T11:03:16","slug":"bewerbung-fuer-das-speyer-semester-fuer-referendare-aus-nrw","status":"publish","type":"post","link":"https:\/\/www.juristenkoffer.de\/refblog\/verwaltungsstation\/bewerbung-fuer-das-speyer-semester-fuer-referendare-aus-nrw\/","title":{"rendered":"Bewerbung f\u00fcr das Speyer-Semester f\u00fcr Referendare aus NRW"},"content":{"rendered":"<p><img loading=\"lazy\" decoding=\"async\" class=\"alignleft size-full wp-image-4949\" title=\"\" alt=\"\" src=\"https:\/\/www.juristenkoffer.de\/refblog\/wp-content\/uploads\/2009\/08\/DHV.png\" width=\"150\" height=\"150\" \/>Gerade weil man fast nur Gutes von Referendaren h\u00f6rt, die an der <a href=\"http:\/\/www.hfv-speyer.de\/js-start.htm\" target=\"_blank\">Deutschen Universit\u00e4t f\u00fcr Verwaltungswissenschaften<\/a> das Speyer-Semester verbracht haben, stellt sich die Frage, ob man \u00fcberhaupt einen Platz ergattern kann, wenn man sich als Referendar aus NRW bewirbt.<\/p>\n<p>Auf den offiziellen Informationsseiten der Oberlandesgerichte findet man keine Hinweise. <!--more-->Es gib keine Infos dazu, wie viele Pl\u00e4tze an der DHV f\u00fcr NRW\u00b4ler reserviert sind und ob man Gl\u00fcck braucht, um \u00fcberhaupt an die DHV\u00a0zugewiesen zu werden. In einem <a href=\"http:\/\/www.juraexamen.com\/forum\/viewtopic.php?t=6518&amp;sid=24566ed3d37a6e7ff5fa5921b2205d32\" target=\"_blank\">Forumsbeitrag<\/a> haben wir aber eine interessante Informationen gefunden:<\/p>\n<blockquote><p>Wenn du aus NRW kommst und beantragst nach Speyer zu gehen, ist es so gut wie sicher, dass es klappt.<br \/>\nF\u00fcr NRWler gibt es (fast) jedes Jahr ausreichend Pl\u00e4tze. Alle paar Jahre m\u00fcssen wohl ganz wenigen Leuten abgesagt werden sagten die beim OLG. Das ist aber die absolute Ausnahme.<\/p><\/blockquote>\n<p>Alle anderen im Netz verf\u00fcgbaren Informationen zum Speyer-Semester f\u00fcr Rechtsreferendare &#8211; auch zur Bewerbung aus einem der anderen L\u00e4nder &#8211; haben wir Euch auf einer \u00dcbersichtsseite zum <a href=\"https:\/\/www.juristenkoffer.de\/rechtsreferendariat\/speyer-semester\/\">verwaltungswissenschaftlichen Erg\u00e4nzungsstudium f\u00fcr Referendare<\/a> zusammengestellt.<\/p>\n","protected":false},"excerpt":{"rendered":"<p>Gerade weil man fast nur Gutes von Referendaren h\u00f6rt, die an der Deutschen Universit\u00e4t f\u00fcr Verwaltungswissenschaften das Speyer-Semester verbracht haben, stellt sich die Frage, ob man \u00fcberhaupt einen Platz ergattern kann, wenn man sich als Referendar aus NRW bewirbt. Auf den offiziellen Informationsseiten der Oberlandesgerichte findet man keine Hinweise.<\/p>\n","protected":false},"author":2,"featured_media":0,"comment_status":"open","ping_status":"open","sticky":false,"template":"","format":"standard","meta":{"footnotes":""},"categories":[41,5],"tags":[227,226,50],"class_list":["post-1152","post","type-post","status-publish","format-standard","hentry","category-nrw","category-verwaltungsstation","tag-dhv","tag-ergaenzungsstudium","tag-speyer-semester"],"_links":{"self":[{"href":"https:\/\/www.juristenkoffer.de\/refblog\/wp-json\/wp\/v2\/posts\/1152","targetHints":{"allow":["GET"]}}],"collection":[{"href":"https:\/\/www.juristenkoffer.de\/refblog\/wp-json\/wp\/v2\/posts"}],"about":[{"href":"https:\/\/www.juristenkoffer.de\/refblog\/wp-json\/wp\/v2\/types\/post"}],"author":[{"embeddable":true,"href":"https:\/\/www.juristenkoffer.de\/refblog\/wp-json\/wp\/v2\/users\/2"}],"replies":[{"embeddable":true,"href":"https:\/\/www.juristenkoffer.de\/refblog\/wp-json\/wp\/v2\/comments?post=1152"}],"version-history":[{"count":8,"href":"https:\/\/www.juristenkoffer.de\/refblog\/wp-json\/wp\/v2\/posts\/1152\/revisions"}],"predecessor-version":[{"id":8335,"href":"https:\/\/www.juristenkoffer.de\/refblog\/wp-json\/wp\/v2\/posts\/1152\/revisions\/8335"}],"wp:attachment":[{"href":"https:\/\/www.juristenkoffer.de\/refblog\/wp-json\/wp\/v2\/media?parent=1152"}],"wp:term":[{"taxonomy":"category","embeddable":true,"href":"https:\/\/www.juristenkoffer.de\/refblog\/wp-json\/wp\/v2\/categories?post=1152"},{"taxonomy":"post_tag","embeddable":true,"href":"https:\/\/www.juristenkoffer.de\/refblog\/wp-json\/wp\/v2\/tags?post=1152"}],"curies":[{"name":"wp","href":"https:\/\/api.w.org\/{rel}","templated":true}]}}