{"id":11514,"date":"2017-11-20T09:41:04","date_gmt":"2017-11-20T07:41:04","guid":{"rendered":"http:\/\/www.juristenkoffer.de\/refblog\/?p=11514"},"modified":"2017-11-20T09:30:56","modified_gmt":"2017-11-20T07:30:56","slug":"zulassungsverbot-aufgrund-von-unwuerdigkeit","status":"publish","type":"post","link":"https:\/\/www.juristenkoffer.de\/refblog\/rechtsprechung\/zulassungsverbot-aufgrund-von-unwuerdigkeit\/","title":{"rendered":"Zulassungsverbot aufgrund von Unw\u00fcrdigkeit?"},"content":{"rendered":"<p><img loading=\"lazy\" decoding=\"async\" class=\"size-full wp-image-2990 alignleft\" src=\"https:\/\/www.juristenkoffer.de\/refblog\/wp-content\/uploads\/2010\/11\/verbot.png\" alt=\"\" width=\"150\" height=\"150\" \/>Wegen Unw\u00fcrdigkeit durfte sie zun\u00e4chst nicht als Anw\u00e4ltin zugelassen werden &#8211; eine Juristin klagte in mehreren Instanzen, erst einmal erfolglos. Doch dann entschied das Bundesverfassungsgericht in Karlsruhe anders.<\/p>\n<p>Aber wie kam es \u00fcberhaupt dazu? W\u00e4hrend ihres Referendariats ist die Frau verbal sehr ausfallend geworden. Sie beleidigte ihren Ausbilder bei der Staatsanwalt per Email, weil dieser sie angeblich unfair bewertet habe. <!--more-->&#8222;Ihr Weltbild entspricht dem des typischen deutschen Staatsb\u00fcrgers von 1940.&#8220;, &#8222;Sie sind ein provinzieller Staatsanwalt, der nie aus dem Kaff rausgekommen ist, in dem er versauert.&#8220; und &#8222;&#8230; Am liebsten h\u00e4tten Sie mich vergast, aber das ist ja heute out. Also taten Sie das Einzige, wozu Ihnen Ihre begrenzte Position die M\u00f6glichkeit bietet: Sie stellten mir ein wirres Zeugnis aus, das an jeder Realit\u00e4t vorbei geht.&#8220;, um nur einige Beispiele zu nennen. Auf die Anzeige des Staatsanwaltes hin verurteilte das Amtsgericht Aachen die Referendarin zu einer Geldstrafe von 1.800\u20ac.<\/p>\n<p>Und damit nicht genug. Selbst im gegen sie laufenden Prozess kannte sie ihre Grenzen nicht. Sie kritisierte eine Oberstaatsanw\u00e4ltin, in dem sie ihr zum Ausbau ihrer juristischen F\u00e4higkeiten nahe legte, noch einmal eine Grundstudiumsvorlesung zu besuchen.<\/p>\n<p style=\"border:1px solid; padding: 5px; margin: 2px 0px 10px 0px; line-height: 150%\">\n\t\t\t\tDie RefNews sind das Blog von Juristenkoffer.de - einem der ersten und mit weit mehr als 35.000 zufriedenen Kunden einem der gr\u00f6\u00dften Vermieter von Kommentaren in Deutschland. Bist Du bereits Rechtsreferendar, hast Dir aber noch keinen Juristenkoffer reserviert? Dann informiere Dich jetzt \u00fcber unser Angebot und <a href=\"https:\/\/www.juristenkoffer.de\/angebot.php?rel=textartikelrefnews\" target=\"_blank\">sichere Dir schnell Deine Examenskommentare<\/a>!\n\t\t\t\t<\/p>\n<p>Das <a href=\"http:\/\/www.spiegel.de\/karriere\/verfassungsgericht-rechtsanwaeltin-werden-trotz-beleidigung-a-1178448.html\" target=\"_blank\">Bundesverfassungsgericht sagt dazu in seinem Beschluss:<\/a> &#8222;Ein Bewerber kann nicht allein deswegen als unw\u00fcrdig angesehen werden, weil sein Verhalten im beruflichen Umfeld oder im gesellschaftlichen Bereich auf Missfallen st\u00f6\u00dft.&#8220; So werde gegen das Recht auf freie Berufswahl versto\u00dfen.<\/p>\n<p>Der Anwaltsgerichtshof rollt den Fall nun wieder auf und hat dabei zu ber\u00fccksichtigen, wie sich die Juristin wohl zuk\u00fcnftig verhalten werde.<\/p>\n","protected":false},"excerpt":{"rendered":"<p>Wegen Unw\u00fcrdigkeit durfte sie zun\u00e4chst nicht als Anw\u00e4ltin zugelassen werden &#8211; eine Juristin klagte in mehreren Instanzen, erst einmal erfolglos. Doch dann entschied das Bundesverfassungsgericht in Karlsruhe anders. Aber wie kam es \u00fcberhaupt dazu? W\u00e4hrend ihres Referendariats ist die Frau verbal sehr ausfallend geworden. Sie beleidigte ihren Ausbilder bei der Staatsanwalt per Email, weil dieser [&hellip;]<\/p>\n","protected":false},"author":64,"featured_media":0,"comment_status":"open","ping_status":"open","sticky":false,"template":"","format":"standard","meta":{"footnotes":""},"categories":[1252],"tags":[],"class_list":["post-11514","post","type-post","status-publish","format-standard","hentry","category-rechtsprechung"],"_links":{"self":[{"href":"https:\/\/www.juristenkoffer.de\/refblog\/wp-json\/wp\/v2\/posts\/11514","targetHints":{"allow":["GET"]}}],"collection":[{"href":"https:\/\/www.juristenkoffer.de\/refblog\/wp-json\/wp\/v2\/posts"}],"about":[{"href":"https:\/\/www.juristenkoffer.de\/refblog\/wp-json\/wp\/v2\/types\/post"}],"author":[{"embeddable":true,"href":"https:\/\/www.juristenkoffer.de\/refblog\/wp-json\/wp\/v2\/users\/64"}],"replies":[{"embeddable":true,"href":"https:\/\/www.juristenkoffer.de\/refblog\/wp-json\/wp\/v2\/comments?post=11514"}],"version-history":[{"count":3,"href":"https:\/\/www.juristenkoffer.de\/refblog\/wp-json\/wp\/v2\/posts\/11514\/revisions"}],"predecessor-version":[{"id":11517,"href":"https:\/\/www.juristenkoffer.de\/refblog\/wp-json\/wp\/v2\/posts\/11514\/revisions\/11517"}],"wp:attachment":[{"href":"https:\/\/www.juristenkoffer.de\/refblog\/wp-json\/wp\/v2\/media?parent=11514"}],"wp:term":[{"taxonomy":"category","embeddable":true,"href":"https:\/\/www.juristenkoffer.de\/refblog\/wp-json\/wp\/v2\/categories?post=11514"},{"taxonomy":"post_tag","embeddable":true,"href":"https:\/\/www.juristenkoffer.de\/refblog\/wp-json\/wp\/v2\/tags?post=11514"}],"curies":[{"name":"wp","href":"https:\/\/api.w.org\/{rel}","templated":true}]}}