{"id":11511,"date":"2017-11-15T13:28:42","date_gmt":"2017-11-15T11:28:42","guid":{"rendered":"http:\/\/www.juristenkoffer.de\/refblog\/?p=11511"},"modified":"2017-11-15T13:28:42","modified_gmt":"2017-11-15T11:28:42","slug":"rechtsreferendar-auf-polizeifahrt-leicht-verletzt","status":"publish","type":"post","link":"https:\/\/www.juristenkoffer.de\/refblog\/strafrechtsstation\/rechtsreferendar-auf-polizeifahrt-leicht-verletzt\/","title":{"rendered":"Rechtsreferendar auf Polizeifahrt leicht verletzt"},"content":{"rendered":"<p><img loading=\"lazy\" decoding=\"async\" class=\"size-thumbnail wp-image-7367 alignleft\" src=\"https:\/\/www.juristenkoffer.de\/refblog\/wp-content\/uploads\/2013\/02\/images-150x150.png\" alt=\"\" width=\"150\" height=\"150\" \/><a href=\"http:\/\/www.t-online.de\/nachrichten\/id_82652538\/polizeiauto-fliegt-aus-rechtskurve-vier-leichtverletzte.html\" target=\"_blank\">Neuss (Nordrhein-Westfalen)<\/a> &#8211; die Polizei war zusammen mit einem Rechtsreferendar auf dem Weg zu einer angeblichen Schl\u00e4gerei am Hauptbahnhof, als der Streifenwagen pl\u00f6tzlich aus einer Rechtskurve flog und mit einem anderen entgegenkommenden Auto zusammenstie\u00df. Zwei Polizisten, der Referendar und die 52-j\u00e4hrige Fahrerin des anderen Autos, welche sp\u00e4ter noch in ein Krankenhaus kam, wurden leicht verletzt.\u00a0<!--more--><\/p>\n<p>Warum Ihr aber die Chance bei einer Polizeifahrt dabei zu sein nutzen solltet, k\u00f6nnt Ihr in zwei Erfahrungsberichten nachlesen. Und dass Ihr am Ende in einen Autounfall verwickelt werdet, ist wohl eher unwahrscheinlich \ud83d\ude09<\/p>\n<p><a href=\"https:\/\/www.juristenkoffer.de\/refblog\/strafrechtsstation\/polizeifahrt-waehrend-der-strafrechtsstation\/\" target=\"_blank\">Polizeifahrt w\u00e4hrend der Strafrechtsstation<\/a>, <a href=\"https:\/\/www.juristenkoffer.de\/refblog\/strafrechtsstation\/erlebnisbericht-zur-polizeifahrt\/\" target=\"_blank\">Erlebnisbericht zur Polizeifahrt<\/a><\/p>\n","protected":false},"excerpt":{"rendered":"<p>Neuss (Nordrhein-Westfalen) &#8211; die Polizei war zusammen mit einem Rechtsreferendar auf dem Weg zu einer angeblichen Schl\u00e4gerei am Hauptbahnhof, als der Streifenwagen pl\u00f6tzlich aus einer Rechtskurve flog und mit einem anderen entgegenkommenden Auto zusammenstie\u00df. Zwei Polizisten, der Referendar und die 52-j\u00e4hrige Fahrerin des anderen Autos, welche sp\u00e4ter noch in ein Krankenhaus kam, wurden leicht verletzt.\u00a0<\/p>\n","protected":false},"author":64,"featured_media":0,"comment_status":"open","ping_status":"open","sticky":false,"template":"","format":"standard","meta":{"footnotes":""},"categories":[4],"tags":[],"class_list":["post-11511","post","type-post","status-publish","format-standard","hentry","category-strafrechtsstation"],"_links":{"self":[{"href":"https:\/\/www.juristenkoffer.de\/refblog\/wp-json\/wp\/v2\/posts\/11511","targetHints":{"allow":["GET"]}}],"collection":[{"href":"https:\/\/www.juristenkoffer.de\/refblog\/wp-json\/wp\/v2\/posts"}],"about":[{"href":"https:\/\/www.juristenkoffer.de\/refblog\/wp-json\/wp\/v2\/types\/post"}],"author":[{"embeddable":true,"href":"https:\/\/www.juristenkoffer.de\/refblog\/wp-json\/wp\/v2\/users\/64"}],"replies":[{"embeddable":true,"href":"https:\/\/www.juristenkoffer.de\/refblog\/wp-json\/wp\/v2\/comments?post=11511"}],"version-history":[{"count":1,"href":"https:\/\/www.juristenkoffer.de\/refblog\/wp-json\/wp\/v2\/posts\/11511\/revisions"}],"predecessor-version":[{"id":11512,"href":"https:\/\/www.juristenkoffer.de\/refblog\/wp-json\/wp\/v2\/posts\/11511\/revisions\/11512"}],"wp:attachment":[{"href":"https:\/\/www.juristenkoffer.de\/refblog\/wp-json\/wp\/v2\/media?parent=11511"}],"wp:term":[{"taxonomy":"category","embeddable":true,"href":"https:\/\/www.juristenkoffer.de\/refblog\/wp-json\/wp\/v2\/categories?post=11511"},{"taxonomy":"post_tag","embeddable":true,"href":"https:\/\/www.juristenkoffer.de\/refblog\/wp-json\/wp\/v2\/tags?post=11511"}],"curies":[{"name":"wp","href":"https:\/\/api.w.org\/{rel}","templated":true}]}}