{"id":11388,"date":"2017-07-31T12:58:50","date_gmt":"2017-07-31T10:58:50","guid":{"rendered":"http:\/\/www.juristenkoffer.de\/refblog\/?p=11388"},"modified":"2017-07-31T12:58:50","modified_gmt":"2017-07-31T10:58:50","slug":"ursachen-fuer-den-rueckgang-von-rechtsanwaelten","status":"publish","type":"post","link":"https:\/\/www.juristenkoffer.de\/refblog\/nach-dem-referendariat\/ursachen-fuer-den-rueckgang-von-rechtsanwaelten\/","title":{"rendered":"Ursachen f\u00fcr den R\u00fcckgang von Rechtsanw\u00e4lten"},"content":{"rendered":"<p><img loading=\"lazy\" decoding=\"async\" class=\"size-full wp-image-11229 alignleft\" src=\"https:\/\/www.juristenkoffer.de\/refblog\/wp-content\/uploads\/2017\/04\/terminsvertreter.jpg\" alt=\"\" width=\"150\" height=\"160\" srcset=\"https:\/\/www.juristenkoffer.de\/refblog\/wp-content\/uploads\/2017\/04\/terminsvertreter.jpg 150w, https:\/\/www.juristenkoffer.de\/refblog\/wp-content\/uploads\/2017\/04\/terminsvertreter-131x140.jpg 131w\" sizes=\"auto, (max-width: 150px) 100vw, 150px\" \/>Wir berichteten ja schon einige Male \u00fcber den Mangel von Volljuristen. <a href=\"http:\/\/www.faz.net\/aktuell\/wirtschaft\/recht-steuern\/juristen-erstmals-seit-jahrzehnten-weniger-anwaelte-15038068.html\" target=\"_blank\">Matthias Kilian, Direktor des Soldan Instituts<\/a>, macht nun auf einen leichten R\u00fcckgang von Rechtsanw\u00e4lten aufmerksam. So berichtet er, dass es Anfang 2017 0,2% weniger Anw\u00e4lte als 2016 gab. Das sind 330 Anw\u00e4lte weniger.<\/p>\n<p>Diese Entwicklung ist laut Kilian auf einige Ursachen zur\u00fcckzuf\u00fchren.<\/p>\n<p>a. Es gehen mehr Anw\u00e4lte in den Ruhestand, als junge Volljuristen nachkommen.<\/p>\n<p>b. Es gibt derzeit zwar 110.000 Jurastudenten in Deutschland, jedoch absolvieren nicht alle die zweite juristische Staatspr\u00fcfung.<!--more--> So fehlt die Qualifikation zum Richteramt beziehungsweise die Zulassung als Rechtsanwalt. Mit 20.000 Studenten an Fachhochschulen und Wirtschaftsjuristen ist seit den letzten 15 Jahren diese Sparte gewachsen.<\/p>\n<p>c. Ein weiterer Punkt ist die Digitalisierung der Rechtsberatungsbranche. Legal Tech kann nicht nur als Chance, sondern auch als Gef\u00e4hrdung des Berufsstandes gesehen werden. &#8222;Als Bedrohung werden hier vor allem Plattformen gesehen, \u00fcber die \u00fcberwiegend Verbraucher Alltagskonflikte schnell und g\u00fcnstig beilegen k\u00f6nnen.&#8220;, sagt Kilian.<\/p>\n<p style=\"border:1px solid; padding: 5px; margin: 2px 0px 10px 0px; line-height: 150%\">\n\t\t\t\tDie RefNews sind das Blog von Juristenkoffer.de - einem der ersten und mit weit mehr als 35.000 zufriedenen Kunden einem der gr\u00f6\u00dften Vermieter von Kommentaren in Deutschland. Bist Du bereits Rechtsreferendar, hast Dir aber noch keinen Juristenkoffer reserviert? Dann informiere Dich jetzt \u00fcber unser Angebot und <a href=\"https:\/\/www.juristenkoffer.de\/angebot.php?rel=textartikelrefnews\" target=\"_blank\">sichere Dir schnell Deine Examenskommentare<\/a>!\n\t\t\t\t<\/p>\n<p>d. Schlie\u00dflich sind auch Unternehmensjuristen ein Faktor. 2016 gab es 957 Erstzulassungen f\u00fcr den neugeschaffenen Syndikus-Rechtsanwalt. Doch Kilian sch\u00e4tzt eine deutlich h\u00f6here Zahl von Unternehmensjuristen, die schon vor dem BGS-Urteil 2014 (Neuordnung des berufsrechtlichen Status von Syndikusanw\u00e4lten) in Einzelkanzleien gearbeitet haben.<\/p>\n","protected":false},"excerpt":{"rendered":"<p>Wir berichteten ja schon einige Male \u00fcber den Mangel von Volljuristen. Matthias Kilian, Direktor des Soldan Instituts, macht nun auf einen leichten R\u00fcckgang von Rechtsanw\u00e4lten aufmerksam. So berichtet er, dass es Anfang 2017 0,2% weniger Anw\u00e4lte als 2016 gab. Das sind 330 Anw\u00e4lte weniger. Diese Entwicklung ist laut Kilian auf einige Ursachen zur\u00fcckzuf\u00fchren. a. Es [&hellip;]<\/p>\n","protected":false},"author":64,"featured_media":0,"comment_status":"open","ping_status":"open","sticky":false,"template":"","format":"standard","meta":{"footnotes":""},"categories":[49],"tags":[],"class_list":["post-11388","post","type-post","status-publish","format-standard","hentry","category-nach-dem-referendariat"],"_links":{"self":[{"href":"https:\/\/www.juristenkoffer.de\/refblog\/wp-json\/wp\/v2\/posts\/11388","targetHints":{"allow":["GET"]}}],"collection":[{"href":"https:\/\/www.juristenkoffer.de\/refblog\/wp-json\/wp\/v2\/posts"}],"about":[{"href":"https:\/\/www.juristenkoffer.de\/refblog\/wp-json\/wp\/v2\/types\/post"}],"author":[{"embeddable":true,"href":"https:\/\/www.juristenkoffer.de\/refblog\/wp-json\/wp\/v2\/users\/64"}],"replies":[{"embeddable":true,"href":"https:\/\/www.juristenkoffer.de\/refblog\/wp-json\/wp\/v2\/comments?post=11388"}],"version-history":[{"count":3,"href":"https:\/\/www.juristenkoffer.de\/refblog\/wp-json\/wp\/v2\/posts\/11388\/revisions"}],"predecessor-version":[{"id":11391,"href":"https:\/\/www.juristenkoffer.de\/refblog\/wp-json\/wp\/v2\/posts\/11388\/revisions\/11391"}],"wp:attachment":[{"href":"https:\/\/www.juristenkoffer.de\/refblog\/wp-json\/wp\/v2\/media?parent=11388"}],"wp:term":[{"taxonomy":"category","embeddable":true,"href":"https:\/\/www.juristenkoffer.de\/refblog\/wp-json\/wp\/v2\/categories?post=11388"},{"taxonomy":"post_tag","embeddable":true,"href":"https:\/\/www.juristenkoffer.de\/refblog\/wp-json\/wp\/v2\/tags?post=11388"}],"curies":[{"name":"wp","href":"https:\/\/api.w.org\/{rel}","templated":true}]}}