{"id":11367,"date":"2020-09-27T10:39:22","date_gmt":"2020-09-27T08:39:22","guid":{"rendered":"http:\/\/www.juristenkoffer.de\/refblog\/?p=11367"},"modified":"2020-09-09T12:51:50","modified_gmt":"2020-09-09T10:51:50","slug":"wer-uns-hoert-bleibt-auf-dem-laufenden-swr-radioreport-recht","status":"publish","type":"post","link":"https:\/\/www.juristenkoffer.de\/refblog\/allgemein\/wer-uns-hoert-bleibt-auf-dem-laufenden-swr-radioreport-recht\/","title":{"rendered":"Wer uns h\u00f6rt, bleibt auf dem Laufenden &#8211; SWR Radioreport Recht"},"content":{"rendered":"<p><img loading=\"lazy\" decoding=\"async\" class=\"size-full wp-image-7489 alignleft\" src=\"https:\/\/www.juristenkoffer.de\/refblog\/wp-content\/uploads\/2013\/03\/MC900431643.png\" alt=\"\" width=\"150\" height=\"150\" \/>Die w\u00f6chentliche Radiosendung des SWR1 &#8222;Radioreport Recht&#8220; ist die einzige Radiosendung in Deutschland, die \u00fcber das Aktuellste im Bereich der Justiz informiert. Immer Dienstags von 22.05 bis 22.20 Uhr wird von der SWR Redaktion Recht und Rechtspolitik in Karlsruhe \u00fcber die neusten und wichtigsten Urteile von Bundesgerichtshof und Bundesverfassungsgericht berichtet. So erfahrt Ihr in 15 Minuten das Neuste rund um Verfassung, Gesetze und Rechtsprechung.<!--more--><\/p>\n<p>Schaut mal auf der <a href=\"https:\/\/www.swr.de\/swr1\/radioreport-recht-podcast-100.html\" target=\"_blank\">Website<\/a> vorbei, denn hier findet Ihr die Radioreport Recht &#8211; Beitr\u00e4ge zum nachh\u00f6ren- und lesen. Au\u00dferdem gibt es die M\u00f6glichkeit diese auch als Podcast zu abonnieren.<\/p>\n<p style=\"border:1px solid; padding: 5px; margin: 2px 0px 10px 0px; line-height: 150%\">\n\t\t\t\tDie RefNews sind das Blog von Juristenkoffer.de - einem der ersten und mit weit mehr als 35.000 zufriedenen Kunden einem der gr\u00f6\u00dften Vermieter von Kommentaren in Deutschland. Bist Du bereits Rechtsreferendar, hast Dir aber noch keinen Juristenkoffer reserviert? Dann informiere Dich jetzt \u00fcber unser Angebot und <a href=\"https:\/\/www.juristenkoffer.de\/angebot.php?rel=textartikelrefnews\" target=\"_blank\">sichere Dir schnell Deine Examenskommentare<\/a>!\n\t\t\t\t<\/p>\n<p>Ebenso stehen H\u00f6rfunkbeitr\u00e4ge zum Nachh\u00f6ren- und lesen bereit, die sonst in den aktuellen Programmen laufen. So seid Ihr bestens informiert!<\/p>\n","protected":false},"excerpt":{"rendered":"<p>Die w\u00f6chentliche Radiosendung des SWR1 &#8222;Radioreport Recht&#8220; ist die einzige Radiosendung in Deutschland, die \u00fcber das Aktuellste im Bereich der Justiz informiert. Immer Dienstags von 22.05 bis 22.20 Uhr wird von der SWR Redaktion Recht und Rechtspolitik in Karlsruhe \u00fcber die neusten und wichtigsten Urteile von Bundesgerichtshof und Bundesverfassungsgericht berichtet. So erfahrt Ihr in 15 [&hellip;]<\/p>\n","protected":false},"author":64,"featured_media":0,"comment_status":"open","ping_status":"open","sticky":false,"template":"","format":"standard","meta":{"footnotes":""},"categories":[1],"tags":[],"class_list":["post-11367","post","type-post","status-publish","format-standard","hentry","category-allgemein"],"_links":{"self":[{"href":"https:\/\/www.juristenkoffer.de\/refblog\/wp-json\/wp\/v2\/posts\/11367","targetHints":{"allow":["GET"]}}],"collection":[{"href":"https:\/\/www.juristenkoffer.de\/refblog\/wp-json\/wp\/v2\/posts"}],"about":[{"href":"https:\/\/www.juristenkoffer.de\/refblog\/wp-json\/wp\/v2\/types\/post"}],"author":[{"embeddable":true,"href":"https:\/\/www.juristenkoffer.de\/refblog\/wp-json\/wp\/v2\/users\/64"}],"replies":[{"embeddable":true,"href":"https:\/\/www.juristenkoffer.de\/refblog\/wp-json\/wp\/v2\/comments?post=11367"}],"version-history":[{"count":6,"href":"https:\/\/www.juristenkoffer.de\/refblog\/wp-json\/wp\/v2\/posts\/11367\/revisions"}],"predecessor-version":[{"id":12166,"href":"https:\/\/www.juristenkoffer.de\/refblog\/wp-json\/wp\/v2\/posts\/11367\/revisions\/12166"}],"wp:attachment":[{"href":"https:\/\/www.juristenkoffer.de\/refblog\/wp-json\/wp\/v2\/media?parent=11367"}],"wp:term":[{"taxonomy":"category","embeddable":true,"href":"https:\/\/www.juristenkoffer.de\/refblog\/wp-json\/wp\/v2\/categories?post=11367"},{"taxonomy":"post_tag","embeddable":true,"href":"https:\/\/www.juristenkoffer.de\/refblog\/wp-json\/wp\/v2\/tags?post=11367"}],"curies":[{"name":"wp","href":"https:\/\/api.w.org\/{rel}","templated":true}]}}