{"id":11349,"date":"2017-07-13T10:39:25","date_gmt":"2017-07-13T08:39:25","guid":{"rendered":"http:\/\/www.juristenkoffer.de\/refblog\/?p=11349"},"modified":"2017-07-12T17:38:57","modified_gmt":"2017-07-12T15:38:57","slug":"erhoehung-der-unterhaltsbeihilfe-in-bremen","status":"publish","type":"post","link":"https:\/\/www.juristenkoffer.de\/refblog\/bremen\/erhoehung-der-unterhaltsbeihilfe-in-bremen\/","title":{"rendered":"Erh\u00f6hung der Unterhaltsbeihilfe in Bremen"},"content":{"rendered":"<p><img loading=\"lazy\" decoding=\"async\" class=\"size-full wp-image-7171 alignleft\" src=\"https:\/\/www.juristenkoffer.de\/refblog\/wp-content\/uploads\/2013\/01\/MP900443425.jpg\" alt=\"\" width=\"150\" height=\"150\" \/>Alle Rechtsreferendare aus Bremen d\u00fcrfen sich freuen! Zum 01.07.2017 wurde neben <a href=\"https:\/\/www.juristenkoffer.de\/rechtsreferendariat\/hessen\/\" target=\"_blank\">Hessen<\/a> auch hier die Unterhaltsbeihilfe erh\u00f6ht! Die urspr\u00fcnglich 1163,61\u20ac sind auf 1198,61\u20ac angehoben worden. Das wurde nun auf der Internetseite des <a href=\"http:\/\/www.oberlandesgericht.bremen.de\/informationen\/referendare\/hinweise_zur_einstellung-1622\" target=\"_blank\">Hanseatischen Oberlandesgerichts in Bremen<\/a> bekanntgegeben.<\/p>\n<p>Damit belegt Bremen Platz 4 unter den bestzahlenden L\u00e4ndern. <!--more--><\/p>\n<p>Zu den Top 5 z\u00e4hlen:<\/p>\n<p style=\"text-align: center;\">\n<p style=\"text-align: center;\">Brandenburg 1.288,89\u20ac<\/p>\n<p style=\"text-align: center;\">Sachsen 1.265,20 \u20ac<\/p>\n<p style=\"text-align: center;\">Bayern 1.232,08\u20ac<\/p>\n<p style=\"text-align: center;\">Bremen 1.198,61\u20ac<\/p>\n<p style=\"text-align: center;\">Baden-W\u00fcrttemberg 1.182,51\u20ac<\/p>\n<p style=\"text-align: left;\">\n<p style=\"text-align: left;\">Wie hoch die Unterhaltshilfe der anderen L\u00e4nder ist, erfahrt Ihr in unserem <a href=\"https:\/\/www.juristenkoffer.de\/rechtsreferendariat\/unterhaltsbeihilfe\/\" target=\"_blank\">L\u00e4ndervergleich<\/a>.<\/p>\n<p>Wenn Ihr Euer Rechtsreferendariat in Bremen beginnen m\u00f6chtet, schaut doch mal auf unserer <a href=\"https:\/\/www.juristenkoffer.de\/rechtsreferendariat\/bremen\/\" target=\"_blank\">Ref-Infoseite<\/a> vorbei. Hier findet Ihr alles rund ums Referendariat, wie beispielsweise Auswahlverfahren, Wartezeit und Bewerbungsunterlagen.<\/p>\n","protected":false},"excerpt":{"rendered":"<p>Alle Rechtsreferendare aus Bremen d\u00fcrfen sich freuen! Zum 01.07.2017 wurde neben Hessen auch hier die Unterhaltsbeihilfe erh\u00f6ht! Die urspr\u00fcnglich 1163,61\u20ac sind auf 1198,61\u20ac angehoben worden. Das wurde nun auf der Internetseite des Hanseatischen Oberlandesgerichts in Bremen bekanntgegeben. Damit belegt Bremen Platz 4 unter den bestzahlenden L\u00e4ndern.<\/p>\n","protected":false},"author":64,"featured_media":0,"comment_status":"open","ping_status":"open","sticky":false,"template":"","format":"standard","meta":{"footnotes":""},"categories":[44],"tags":[],"class_list":["post-11349","post","type-post","status-publish","format-standard","hentry","category-bremen"],"_links":{"self":[{"href":"https:\/\/www.juristenkoffer.de\/refblog\/wp-json\/wp\/v2\/posts\/11349","targetHints":{"allow":["GET"]}}],"collection":[{"href":"https:\/\/www.juristenkoffer.de\/refblog\/wp-json\/wp\/v2\/posts"}],"about":[{"href":"https:\/\/www.juristenkoffer.de\/refblog\/wp-json\/wp\/v2\/types\/post"}],"author":[{"embeddable":true,"href":"https:\/\/www.juristenkoffer.de\/refblog\/wp-json\/wp\/v2\/users\/64"}],"replies":[{"embeddable":true,"href":"https:\/\/www.juristenkoffer.de\/refblog\/wp-json\/wp\/v2\/comments?post=11349"}],"version-history":[{"count":16,"href":"https:\/\/www.juristenkoffer.de\/refblog\/wp-json\/wp\/v2\/posts\/11349\/revisions"}],"predecessor-version":[{"id":11365,"href":"https:\/\/www.juristenkoffer.de\/refblog\/wp-json\/wp\/v2\/posts\/11349\/revisions\/11365"}],"wp:attachment":[{"href":"https:\/\/www.juristenkoffer.de\/refblog\/wp-json\/wp\/v2\/media?parent=11349"}],"wp:term":[{"taxonomy":"category","embeddable":true,"href":"https:\/\/www.juristenkoffer.de\/refblog\/wp-json\/wp\/v2\/categories?post=11349"},{"taxonomy":"post_tag","embeddable":true,"href":"https:\/\/www.juristenkoffer.de\/refblog\/wp-json\/wp\/v2\/tags?post=11349"}],"curies":[{"name":"wp","href":"https:\/\/api.w.org\/{rel}","templated":true}]}}