{"id":11330,"date":"2017-07-01T14:20:13","date_gmt":"2017-07-01T12:20:13","guid":{"rendered":"http:\/\/www.juristenkoffer.de\/refblog\/?p=11330"},"modified":"2017-07-01T14:20:13","modified_gmt":"2017-07-01T12:20:13","slug":"thueringen-sucht-haenderingend-rechtsreferendare","status":"publish","type":"post","link":"https:\/\/www.juristenkoffer.de\/refblog\/allgemein\/thueringen-sucht-haenderingend-rechtsreferendare\/","title":{"rendered":"Th\u00fcringen sucht h\u00e4nderingend Rechtsreferendare"},"content":{"rendered":"<p><img loading=\"lazy\" decoding=\"async\" class=\"size-full wp-image-7486 alignleft\" src=\"https:\/\/www.juristenkoffer.de\/refblog\/wp-content\/uploads\/2013\/03\/MP9004422071.jpg\" alt=\"\" width=\"150\" height=\"150\" \/>Seit einem guten Jahr sind Rechtsreferendare in Th\u00fcringen in einem \u00f6ffentlich-rechtlichen Ausbildungsverh\u00e4ltnis angestellt, und sind daher keine Beamte auf Widerruf mehr. So war Th\u00fcringen das letzte Land, das hierauf umgestellt hat. Von dem eh schon reduzierten Gehalt werden aber auch noch Rentenversicherungsbeitr\u00e4ge abgezogen, was in allen anderen L\u00e4ndern nicht der Fall ist. Viele suchen sich aufgrund dessen einen Nebenverdienst. F\u00fcr Referendare sind das nat\u00fcrlich keine guten Gr\u00fcnde, ihren Vorbereitungsdienst in Th\u00fcringen zu absolvieren. <!--more--><\/p>\n<p>Das spiegeln auch die <a href=\"https:\/\/www.juristenkoffer.de\/refblog\/vor-dem-referendariat\/negative-folgen-der-reform-in-thueringen\/\" target=\"_blank\">Einstellungszahlen<\/a> wieder. Einer der Spitzenwerte war 2010 mit 135 Einstellungen. Zwischen 2011 und 2015 gab es durchschnittlich 98 Bewerber. Nun wurden zum Einstellungstermin Anfang Mai nur noch 27 Referendare eingestellt! Es gab einfach nicht mehr Bewerbungen.<\/p>\n<p><a href=\"http:\/\/www.mdr.de\/thueringen\/richter-nachwuchs-100.html\" target=\"_blank\">Stefan Kaufmann, Pr\u00e4sident des Th\u00fcringer OLG in Jena<\/a>, stellt dem Bewerberschwund den enormen Bedarf gegen\u00fcber. Wie wir bereits berichteten, k\u00e4mpft <a href=\"https:\/\/www.juristenkoffer.de\/refblog\/nach-dem-referendariat\/verjuengung-der-thueringer-justiz\/\" target=\"_blank\">Justizminister Dieter Lauinger f\u00fcr eine Verj\u00fcngung der Justiz<\/a>. Denn in den n\u00e4chsten 15 Jahren werden wegen Ruhestand von 430 Richterstellen in der ordentlichen Gerichtsbarkeit ca. 350 frei. Wenn die Bewerberzahlen gleichbleiben oder schlimmer, noch weiter zur\u00fcck gehen, werden in Zukunft vermehrt auch Juristen mit schlechteren Pr\u00fcfungsergebnissen eingestellt werden. So bef\u00fcrchtet es der OLG-Pr\u00e4sident. Denn wer als Referendar in ein anderes Land gehe, komme meistens nicht nach Th\u00fcringen zur\u00fcck. Auch die in Th\u00fcringen herrschenden Richtergeh\u00e4lter locken leider nicht allzu viele Richter hinter dem Ofen hervor.<\/p>\n<p style=\"border:1px solid; padding: 5px; margin: 2px 0px 10px 0px; line-height: 150%\">\n\t\t\t\tDie RefNews sind das Blog von Juristenkoffer.de - einem der ersten und mit weit mehr als 35.000 zufriedenen Kunden einem der gr\u00f6\u00dften Vermieter von Kommentaren in Deutschland. Bist Du bereits Rechtsreferendar, hast Dir aber noch keinen Juristenkoffer reserviert? Dann informiere Dich jetzt \u00fcber unser Angebot und <a href=\"https:\/\/www.juristenkoffer.de\/angebot.php?rel=textartikelrefnews\" target=\"_blank\">sichere Dir schnell Deine Examenskommentare<\/a>!\n\t\t\t\t<\/p>\n<p>Alles rund um die Bewerbung und Einstellung in Th\u00fcringen findet Ihr auf unseren <a href=\"https:\/\/www.juristenkoffer.de\/rechtsreferendariat\/thueringen\/\" target=\"_blank\">Ref-Infoseiten<\/a>.<\/p>\n","protected":false},"excerpt":{"rendered":"<p>Seit einem guten Jahr sind Rechtsreferendare in Th\u00fcringen in einem \u00f6ffentlich-rechtlichen Ausbildungsverh\u00e4ltnis angestellt, und sind daher keine Beamte auf Widerruf mehr. So war Th\u00fcringen das letzte Land, das hierauf umgestellt hat. Von dem eh schon reduzierten Gehalt werden aber auch noch Rentenversicherungsbeitr\u00e4ge abgezogen, was in allen anderen L\u00e4ndern nicht der Fall ist. Viele suchen sich [&hellip;]<\/p>\n","protected":false},"author":64,"featured_media":0,"comment_status":"open","ping_status":"open","sticky":false,"template":"","format":"standard","meta":{"footnotes":""},"categories":[1,266],"tags":[],"class_list":["post-11330","post","type-post","status-publish","format-standard","hentry","category-allgemein","category-thueringen"],"_links":{"self":[{"href":"https:\/\/www.juristenkoffer.de\/refblog\/wp-json\/wp\/v2\/posts\/11330","targetHints":{"allow":["GET"]}}],"collection":[{"href":"https:\/\/www.juristenkoffer.de\/refblog\/wp-json\/wp\/v2\/posts"}],"about":[{"href":"https:\/\/www.juristenkoffer.de\/refblog\/wp-json\/wp\/v2\/types\/post"}],"author":[{"embeddable":true,"href":"https:\/\/www.juristenkoffer.de\/refblog\/wp-json\/wp\/v2\/users\/64"}],"replies":[{"embeddable":true,"href":"https:\/\/www.juristenkoffer.de\/refblog\/wp-json\/wp\/v2\/comments?post=11330"}],"version-history":[{"count":4,"href":"https:\/\/www.juristenkoffer.de\/refblog\/wp-json\/wp\/v2\/posts\/11330\/revisions"}],"predecessor-version":[{"id":11334,"href":"https:\/\/www.juristenkoffer.de\/refblog\/wp-json\/wp\/v2\/posts\/11330\/revisions\/11334"}],"wp:attachment":[{"href":"https:\/\/www.juristenkoffer.de\/refblog\/wp-json\/wp\/v2\/media?parent=11330"}],"wp:term":[{"taxonomy":"category","embeddable":true,"href":"https:\/\/www.juristenkoffer.de\/refblog\/wp-json\/wp\/v2\/categories?post=11330"},{"taxonomy":"post_tag","embeddable":true,"href":"https:\/\/www.juristenkoffer.de\/refblog\/wp-json\/wp\/v2\/tags?post=11330"}],"curies":[{"name":"wp","href":"https:\/\/api.w.org\/{rel}","templated":true}]}}