{"id":11326,"date":"2024-05-07T02:05:01","date_gmt":"2024-05-07T02:05:01","guid":{"rendered":"http:\/\/www.juristenkoffer.de\/refblog\/?p=11326"},"modified":"2024-06-05T11:13:34","modified_gmt":"2024-06-05T09:13:34","slug":"laendervergleich-zu-ausgaben-fuer-richter-und-staatsanwaelte","status":"publish","type":"post","link":"https:\/\/www.juristenkoffer.de\/refblog\/allgemein\/laendervergleich-zu-ausgaben-fuer-richter-und-staatsanwaelte\/","title":{"rendered":"L\u00e4ndervergleich zu Ausgaben f\u00fcr Richter und Staatsanw\u00e4lte"},"content":{"rendered":"<p><img loading=\"lazy\" decoding=\"async\" class=\"size-full wp-image-7205 alignleft\" src=\"https:\/\/www.juristenkoffer.de\/refblog\/wp-content\/uploads\/2013\/02\/MP900427591.jpg\" alt=\"\" width=\"150\" height=\"150\" \/>Der DAV besch\u00e4ftigte sich mit der H\u00f6he der Investition der einzelnen Bundesl\u00e4nder in die Justiz. Das erschreckende dabei: kein einziges Bundesland gibt auch nur 5% seines Haushaltsbudgets f\u00fcr die Justiz aus! Gemeint sind hier Sach- und Personalkosten f\u00fcr Richter und Staatsanw\u00e4lte, wie strafrechtliche Ermittlungen oder Gerichtsverhandlungen. Dabei ist diese Berufsgruppe f\u00fcr den Staat noch verh\u00e4ltnism\u00e4\u00dfig g\u00fcnstig.<\/p>\n<p>Die vom <a href=\"http:\/\/www.spiegel.de\/politik\/deutschland\/justiz-bundeslaender-geben-zu-wenig-fuer-richter-und-staatsanwaelte-aus-a-1153233.html\" target=\"_blank\" rel=\"noopener\">DAV ver\u00f6ffentlichte Statistik<\/a> schl\u00fcsselt den Anteil am Gesamthaushalt 2016 der einzelnen L\u00e4nder auf. <!--more--><\/p>\n<p>Brandenburg und Nordrhein-Westfalen befinden sich mit 4,7% an der Spitze, gefolgt von Mecklenburg-Vorpommern mit 4,3%. Hessen liegt mit 3,0% bez\u00fcglich der Ausgaben f\u00fcr die Justiz (ohne Strafvollzug) in der Mitte. Das Schlusslicht bilden\u00a0Schleswig-Holstein mit 2,3%\u00a0und\u00a0Bremen mit\u00a0sogar nur 1,4%.<\/p>\n<p>Der DAV-Pr\u00e4sident \u00e4u\u00dferte sich so dazu: &#8222;Die Zahlen zeugen von einer viel zu geringen Wertsch\u00e4tzung der Landesregierung f\u00fcr die Justiz. Die dritte Gewalt ist auf alarmierende Weise unterfinanziert.&#8220;<\/p>\n<p>Und was ist die Folge dieser Sparma\u00dfnahme? Richtermangel, \u00fcberlastete Richter und damit \u00fcberlange Verfahren.<\/p>\n","protected":false},"excerpt":{"rendered":"<p>Der DAV besch\u00e4ftigte sich mit der H\u00f6he der Investition der einzelnen Bundesl\u00e4nder in die Justiz. Das erschreckende dabei: kein einziges Bundesland gibt auch nur 5% seines Haushaltsbudgets f\u00fcr die Justiz aus! Gemeint sind hier Sach- und Personalkosten f\u00fcr Richter und Staatsanw\u00e4lte, wie strafrechtliche Ermittlungen oder Gerichtsverhandlungen. Dabei ist diese Berufsgruppe f\u00fcr den Staat noch verh\u00e4ltnism\u00e4\u00dfig [&hellip;]<\/p>\n","protected":false},"author":64,"featured_media":0,"comment_status":"open","ping_status":"open","sticky":false,"template":"","format":"standard","meta":{"footnotes":""},"categories":[1,49],"tags":[],"class_list":["post-11326","post","type-post","status-publish","format-standard","hentry","category-allgemein","category-nach-dem-referendariat"],"_links":{"self":[{"href":"https:\/\/www.juristenkoffer.de\/refblog\/wp-json\/wp\/v2\/posts\/11326","targetHints":{"allow":["GET"]}}],"collection":[{"href":"https:\/\/www.juristenkoffer.de\/refblog\/wp-json\/wp\/v2\/posts"}],"about":[{"href":"https:\/\/www.juristenkoffer.de\/refblog\/wp-json\/wp\/v2\/types\/post"}],"author":[{"embeddable":true,"href":"https:\/\/www.juristenkoffer.de\/refblog\/wp-json\/wp\/v2\/users\/64"}],"replies":[{"embeddable":true,"href":"https:\/\/www.juristenkoffer.de\/refblog\/wp-json\/wp\/v2\/comments?post=11326"}],"version-history":[{"count":5,"href":"https:\/\/www.juristenkoffer.de\/refblog\/wp-json\/wp\/v2\/posts\/11326\/revisions"}],"predecessor-version":[{"id":12561,"href":"https:\/\/www.juristenkoffer.de\/refblog\/wp-json\/wp\/v2\/posts\/11326\/revisions\/12561"}],"wp:attachment":[{"href":"https:\/\/www.juristenkoffer.de\/refblog\/wp-json\/wp\/v2\/media?parent=11326"}],"wp:term":[{"taxonomy":"category","embeddable":true,"href":"https:\/\/www.juristenkoffer.de\/refblog\/wp-json\/wp\/v2\/categories?post=11326"},{"taxonomy":"post_tag","embeddable":true,"href":"https:\/\/www.juristenkoffer.de\/refblog\/wp-json\/wp\/v2\/tags?post=11326"}],"curies":[{"name":"wp","href":"https:\/\/api.w.org\/{rel}","templated":true}]}}