{"id":11311,"date":"2017-06-06T14:32:51","date_gmt":"2017-06-06T12:32:51","guid":{"rendered":"http:\/\/www.juristenkoffer.de\/refblog\/?p=11311"},"modified":"2017-06-06T15:45:27","modified_gmt":"2017-06-06T13:45:27","slug":"rechtsreferendarinnen-mit-kopftuch-in-den-gerichtssaal","status":"publish","type":"post","link":"https:\/\/www.juristenkoffer.de\/refblog\/strafrechtsstation\/rechtsreferendarinnen-mit-kopftuch-in-den-gerichtssaal\/","title":{"rendered":"Rechtsreferendarinnen mit Kopftuch in den Gerichtssaal?"},"content":{"rendered":"<p><img loading=\"lazy\" decoding=\"async\" class=\"size-full wp-image-2728 alignleft\" src=\"https:\/\/www.juristenkoffer.de\/refblog\/wp-content\/uploads\/2010\/10\/advf.jpg\" alt=\"\" width=\"150\" height=\"150\" \/>Es ist schon lange Thema: Das Tragen von Kopft\u00fcchern im \u00f6ffentlichen Dienst.\u00a02015 sprach sich das Bundesverfassungsgericht gegen ein pauschales Kopftuchverbot f\u00fcr P\u00e4dagogen aus. Doch wie sieht es in der Justiz aus?<\/p>\n<p><a href=\"http:\/\/www.br.de\/nachrichten\/schwaben\/inhalt\/kopftuch-klage-freistaat-100.html\" target=\"_blank\">Bezirksamt Berlin-Neuk\u00f6lln 2015<\/a>: eine Muslimin wollte einen Teil ihrer Ausbildung bei dem Rechtsamt absolvieren, ihr wurden aber strenge Auflagen bez\u00fcglich ihres Kopftuchs gemacht. Sie suchte sich letztendlich eine andere Stelle.<\/p>\n<p><a href=\"http:\/\/www.augsburger-allgemeine.de\/augsburg\/Jura-Referendarin-klagt-gegen-Kopftuchverbot-id38293052.html\" target=\"_blank\">Augsburg 2016<\/a>: eine muslimische Jurastudentin wandte sich gegen das in Bayern seit acht Jahren praktizierte Kopftuchverbot f\u00fcr Rechtsreferendarinnen und bekam recht.<\/p>\n<p><a href=\"https:\/\/www.juris.de\/jportal\/portal\/page\/homerl.psml?nid=jnachr-JUNA170403887&amp;cmsuri=%2Fjuris%2Fde%2Fnachrichten%2Fzeigenachricht.jsp\" target=\"_blank\">Hessen April 2017<\/a>: das VG Frankfurt am Main\u00a0r\u00e4umte einer Rechtsreferendarin islamischen Glaubens das Recht ein, ihren Vorbereitungsdienst mit Kopftuch zu absolvieren. <!--more--><\/p>\n<p><a href=\"https:\/\/vgh-kassel-justiz.hessen.de\/irj\/VGH_Kassel_Internet?rid=HMdJ_15\/VGH_Kassel_Internet\/sub\/52a\/52a70cd4-e456-3c51-d064-8712ae8bad54,,,11111111-2222-3333-4444-100000005003%26overview=true.htm\" target=\"_blank\">Hessen Mai 2017<\/a>: der Hessische VGH hob die Entscheidung des VG Frankfurt auf und best\u00e4tigte hiermit das Kopftuchverbot.<\/p>\n<p><strong>Die Seite der muslimischen Referendarinnen<\/strong><\/p>\n<p>Das Kopftuch, welches Haare und Hals bedeckt,\u00a0ist Ausdruck ihrer tiefen Glaubens\u00fcberzeugung. Dieser Eingriff in die Religions- und Glaubensfreiheit und damit die Nichtbeachtung dieses Gebots kann zu schwerwiegenden Gewissenskonflikten seitens der Gl\u00e4ubigen\u00a0f\u00fchren. Auch das Grundrecht auf Berufsfreiheit wird beeintr\u00e4chtigt, da\u00a0die Ausbildung auch so absolviert werden\u00a0k\u00f6nnen muss, wie es das Juristenausbildungsgesetz vorsieht.\u00a0Also auch mit Kopftuch T\u00e4tigkeiten auszu\u00fcben, bei denen sie als Repr\u00e4sentantinnen der Justiz oder des Staates wahrgenommen werden k\u00f6nnen. D.h. bei Verhandlungen im Gerichtssaal auf der Richterbank sitzen, Sitzungsleitungen und Beweisaufnahmen durchf\u00fchren, Sitzungsvertretungen f\u00fcr die Staatsanwaltschaft \u00fcbernehmen\u00a0sowie\u00a0w\u00e4hrend der Verwaltungsstation Anh\u00f6rungsausschusssitzungen leiten. (In einem Hinweisblatt des OLG Frankfurt wird vor Referendariatsantritt auf diese Einschr\u00e4nkungen hingewiesen.) Der Ausschluss von\u00a0diesen\u00a0Bestandteilen im Referendariat kann zu wesentlichen Nachteilen f\u00fchren.\u00a0Muslimisch gl\u00e4ubige Referendarinnen\u00a0haben also einen Anspruch auf einen gleichberechtigten, diskriminierungsfreien Durchlauf des Referendariats.<\/p>\n<p><strong>Die Seite der Justiz<\/strong><\/p>\n<p>Neutralit\u00e4t. Denn kein Ort muss neutraler sein als das Gericht. Eine unabh\u00e4ngige Entscheidung frei von weltanschaulichen, religi\u00f6sen und politischen Grundeinstellungen kann von den Verfahrensbeteiligten erwartet werden. Das Tragen eines Kopftuchs,\u00a0und somit\u00a0das \u00e4u\u00dfere Erscheinungsbild der Repr\u00e4sentantin der Justiz, k\u00f6nnte Zweifel an der Unabh\u00e4ngigkeit der Justiz ausl\u00f6sen. Und auch nur die leiseste\u00a0M\u00f6glichkeit einer Vertrauensbesch\u00e4digung ist Grund genug, das Tragen von Kopft\u00fcchern zu verbieten. Die staatliche Neutralit\u00e4t muss gesichert sein.<\/p>\n","protected":false},"excerpt":{"rendered":"<p>Es ist schon lange Thema: Das Tragen von Kopft\u00fcchern im \u00f6ffentlichen Dienst.\u00a02015 sprach sich das Bundesverfassungsgericht gegen ein pauschales Kopftuchverbot f\u00fcr P\u00e4dagogen aus. Doch wie sieht es in der Justiz aus? Bezirksamt Berlin-Neuk\u00f6lln 2015: eine Muslimin wollte einen Teil ihrer Ausbildung bei dem Rechtsamt absolvieren, ihr wurden aber strenge Auflagen bez\u00fcglich ihres Kopftuchs gemacht. Sie [&hellip;]<\/p>\n","protected":false},"author":64,"featured_media":0,"comment_status":"open","ping_status":"open","sticky":false,"template":"","format":"standard","meta":{"footnotes":""},"categories":[4],"tags":[],"class_list":["post-11311","post","type-post","status-publish","format-standard","hentry","category-strafrechtsstation"],"_links":{"self":[{"href":"https:\/\/www.juristenkoffer.de\/refblog\/wp-json\/wp\/v2\/posts\/11311","targetHints":{"allow":["GET"]}}],"collection":[{"href":"https:\/\/www.juristenkoffer.de\/refblog\/wp-json\/wp\/v2\/posts"}],"about":[{"href":"https:\/\/www.juristenkoffer.de\/refblog\/wp-json\/wp\/v2\/types\/post"}],"author":[{"embeddable":true,"href":"https:\/\/www.juristenkoffer.de\/refblog\/wp-json\/wp\/v2\/users\/64"}],"replies":[{"embeddable":true,"href":"https:\/\/www.juristenkoffer.de\/refblog\/wp-json\/wp\/v2\/comments?post=11311"}],"version-history":[{"count":4,"href":"https:\/\/www.juristenkoffer.de\/refblog\/wp-json\/wp\/v2\/posts\/11311\/revisions"}],"predecessor-version":[{"id":11315,"href":"https:\/\/www.juristenkoffer.de\/refblog\/wp-json\/wp\/v2\/posts\/11311\/revisions\/11315"}],"wp:attachment":[{"href":"https:\/\/www.juristenkoffer.de\/refblog\/wp-json\/wp\/v2\/media?parent=11311"}],"wp:term":[{"taxonomy":"category","embeddable":true,"href":"https:\/\/www.juristenkoffer.de\/refblog\/wp-json\/wp\/v2\/categories?post=11311"},{"taxonomy":"post_tag","embeddable":true,"href":"https:\/\/www.juristenkoffer.de\/refblog\/wp-json\/wp\/v2\/tags?post=11311"}],"curies":[{"name":"wp","href":"https:\/\/api.w.org\/{rel}","templated":true}]}}