{"id":11300,"date":"2020-08-06T11:32:26","date_gmt":"2020-08-06T09:32:26","guid":{"rendered":"http:\/\/www.juristenkoffer.de\/refblog\/?p=11300"},"modified":"2020-08-02T13:22:33","modified_gmt":"2020-08-02T11:22:33","slug":"referendar-fuehrt-protokoll-grund-zur-revision","status":"publish","type":"post","link":"https:\/\/www.juristenkoffer.de\/refblog\/bremen\/referendar-fuehrt-protokoll-grund-zur-revision\/","title":{"rendered":"Referendar f\u00fchrt Protokoll &#8211; Grund zur Revision?"},"content":{"rendered":"<p><img loading=\"lazy\" decoding=\"async\" class=\"size-full wp-image-7108 alignleft\" src=\"https:\/\/www.juristenkoffer.de\/refblog\/wp-content\/uploads\/2013\/01\/ubobol.jpg\" alt=\"\" width=\"150\" height=\"150\" \/><a href=\"https:\/\/anwaltsblatt-karriere.anwaltverein.de\/de\/referendariat\/anwaltsrecht-rechtsprechung\/bgh-kein-revisionsgrund-weil-referendar-protokoll-geschrieben-hat-54994\" target=\"_blank\">Landgericht Bremen<\/a> &#8211; Rechtsreferendare f\u00fchrten an zwei Hauptverhandlungstagen das Protokoll, nicht so wie sonst ein Urkundsbeamter der Gesch\u00e4ftsstelle. Sie befanden sich im strafrechtlichen Ausbildungsabschnitt, nachdem sie die Zivilstation schon absolviert hatten. Damit sie dem Protokollieren gewachsen waren, wurden sie zuvor\u00a0theoretisch und praktisch eingewiesen.<\/p>\n<p>Nun wandten sich die Angeklagten gegen ihre Verurteilung, da ein Versto\u00df gegen \u00a7\u00a7 226 Abs. 1, 338 Nr. StPO vorliege. Denn die Hauptversammlung sei nicht in ununterbrochener Gegenwart eines Urkundsbeamten der Gesch\u00e4ftsstelle erfolgt.\u00a0<!--more-->Wenn Referendare im Zeitpunkt der Protokollf\u00fchrung nicht der erkennenden Strafkammer als Stationsreferendare zugewiesen sind, d\u00fcrfen sie nicht mit Aufgaben des Urkundsbeamten der Gesch\u00e4ftsstelle betraut werden.<\/p>\n<p style=\"border:1px solid; padding: 5px; margin: 2px 0px 10px 0px; line-height: 150%\">\n\t\t\t\tDie RefNews sind das Blog von Juristenkoffer.de - einem der ersten und mit weit mehr als 35.000 zufriedenen Kunden einem der gr\u00f6\u00dften Vermieter von Kommentaren in Deutschland. Bist Du bereits Rechtsreferendar, hast Dir aber noch keinen Juristenkoffer reserviert? Dann informiere Dich jetzt \u00fcber unser Angebot und <a href=\"https:\/\/www.juristenkoffer.de\/angebot.php?rel=textartikelrefnews\" target=\"_blank\">sichere Dir schnell Deine Examenskommentare<\/a>!\n\t\t\t\t<\/p>\n<p>Doch der Bundesgerichtshof war anderer Meinung und berief sich auf\u00a0\u00a7 153 Abs. 2 und 5 Satz 1 GVG.\u00a0Die Einzelheiten der Betrauung der Referendare sei nach dem jeweiligen Landesrecht zu beurteilen. In Bremen sehen bez\u00fcglich der Referendare\u00a0die Vorschriften die selbstst\u00e4ndige Wahrnehmung von Aufgaben der Urkundsbeamten der Gesch\u00e4ftsstelle vor. Laut BGH erhielten diese nicht die von den Beschwerdef\u00fchrern behauptete Einschr\u00e4nkung. Es l\u00e4gen auch\u00a0keinerlei M\u00e4ngel in der Protokollf\u00fchrung vor, die Referendare seien ausreichend bef\u00e4higt gewesen. Letztendlich wurden die Revisionen der Angeklagten verworfen.<\/p>\n","protected":false},"excerpt":{"rendered":"<p>Landgericht Bremen &#8211; Rechtsreferendare f\u00fchrten an zwei Hauptverhandlungstagen das Protokoll, nicht so wie sonst ein Urkundsbeamter der Gesch\u00e4ftsstelle. Sie befanden sich im strafrechtlichen Ausbildungsabschnitt, nachdem sie die Zivilstation schon absolviert hatten. Damit sie dem Protokollieren gewachsen waren, wurden sie zuvor\u00a0theoretisch und praktisch eingewiesen. Nun wandten sich die Angeklagten gegen ihre Verurteilung, da ein Versto\u00df gegen [&hellip;]<\/p>\n","protected":false},"author":64,"featured_media":0,"comment_status":"open","ping_status":"open","sticky":false,"template":"","format":"standard","meta":{"footnotes":""},"categories":[44],"tags":[],"class_list":["post-11300","post","type-post","status-publish","format-standard","hentry","category-bremen"],"_links":{"self":[{"href":"https:\/\/www.juristenkoffer.de\/refblog\/wp-json\/wp\/v2\/posts\/11300","targetHints":{"allow":["GET"]}}],"collection":[{"href":"https:\/\/www.juristenkoffer.de\/refblog\/wp-json\/wp\/v2\/posts"}],"about":[{"href":"https:\/\/www.juristenkoffer.de\/refblog\/wp-json\/wp\/v2\/types\/post"}],"author":[{"embeddable":true,"href":"https:\/\/www.juristenkoffer.de\/refblog\/wp-json\/wp\/v2\/users\/64"}],"replies":[{"embeddable":true,"href":"https:\/\/www.juristenkoffer.de\/refblog\/wp-json\/wp\/v2\/comments?post=11300"}],"version-history":[{"count":2,"href":"https:\/\/www.juristenkoffer.de\/refblog\/wp-json\/wp\/v2\/posts\/11300\/revisions"}],"predecessor-version":[{"id":11302,"href":"https:\/\/www.juristenkoffer.de\/refblog\/wp-json\/wp\/v2\/posts\/11300\/revisions\/11302"}],"wp:attachment":[{"href":"https:\/\/www.juristenkoffer.de\/refblog\/wp-json\/wp\/v2\/media?parent=11300"}],"wp:term":[{"taxonomy":"category","embeddable":true,"href":"https:\/\/www.juristenkoffer.de\/refblog\/wp-json\/wp\/v2\/categories?post=11300"},{"taxonomy":"post_tag","embeddable":true,"href":"https:\/\/www.juristenkoffer.de\/refblog\/wp-json\/wp\/v2\/tags?post=11300"}],"curies":[{"name":"wp","href":"https:\/\/api.w.org\/{rel}","templated":true}]}}