{"id":11216,"date":"2017-04-04T13:10:30","date_gmt":"2017-04-04T11:10:30","guid":{"rendered":"http:\/\/www.juristenkoffer.de\/refblog\/?p=11216"},"modified":"2017-04-24T21:31:16","modified_gmt":"2017-04-24T19:31:16","slug":"verjuengung-der-thueringer-justiz","status":"publish","type":"post","link":"https:\/\/www.juristenkoffer.de\/refblog\/nach-dem-referendariat\/verjuengung-der-thueringer-justiz\/","title":{"rendered":"Verj\u00fcngung der Th\u00fcringer Justiz"},"content":{"rendered":"<p><img loading=\"lazy\" decoding=\"async\" class=\"size-full wp-image-3843 alignleft\" src=\"https:\/\/www.juristenkoffer.de\/refblog\/wp-content\/uploads\/2011\/06\/952313_gavel.jpg\" alt=\"\" width=\"150\" height=\"150\" \/>Strukturen in der Th\u00fcringer Justiz zu verj\u00fcngen hat Vorteile f\u00fcr alle: die jungen Juristen profitieren von den Erfahrungen der &#8222;Alten&#8220; und die &#8222;Alten&#8220; erhalten wieder neuen Schwung. Das wei\u00df <a href=\"https:\/\/www.facebook.com\/notes\/th\u00fcringer-ministerium-f\u00fcr-migration-justiz-und-verbraucherschutz\/\u00fcber-50-proberichterinnen-und-richter-eingestellt\/1213852598731477\" target=\"_blank\">Justizminister Dieter Lauinger<\/a> (B\u00dcNDNIS 90\/DIE GR\u00dcNEN), dessen h\u00f6chstes Ziel es bei seinem Amtseintritt war, mehr junge Menschen in den Richterdienst zu bringen. In dieser Legislaturperiode wurden bereits mehr als 50 Proberichter eingestellt, allein im Jahr 2016 wurden 26 Stellen besetzt.<\/p>\n<p>Der Anteil der Neueinstellungen soll auf die Gesamtzahl der Richter gesehen\u00a0jedes Jahr ca. 2-3% betragen, so das Ziel des Ministeriums. Momentan sind rund 700 Richter und Staatsanw\u00e4lte \u00fcber 50 Jahre alt, was sich aber bald \u00e4ndern soll&#8230;<\/p>\n<p>Alles zu den Einstellungsvoraussetzungen als Richter oder Staatsanwalt in Th\u00fcringen k\u00f6nnt Ihr auf unseren <a href=\"https:\/\/www.juristenkoffer.de\/richter\/thueringen\/\" target=\"_blank\">Infoseiten<\/a> nachlesen.<\/p>\n","protected":false},"excerpt":{"rendered":"<p>Strukturen in der Th\u00fcringer Justiz zu verj\u00fcngen hat Vorteile f\u00fcr alle: die jungen Juristen profitieren von den Erfahrungen der &#8222;Alten&#8220; und die &#8222;Alten&#8220; erhalten wieder neuen Schwung. Das wei\u00df Justizminister Dieter Lauinger (B\u00dcNDNIS 90\/DIE GR\u00dcNEN), dessen h\u00f6chstes Ziel es bei seinem Amtseintritt war, mehr junge Menschen in den Richterdienst zu bringen. In dieser Legislaturperiode wurden [&hellip;]<\/p>\n","protected":false},"author":64,"featured_media":0,"comment_status":"open","ping_status":"open","sticky":false,"template":"","format":"standard","meta":{"footnotes":""},"categories":[49,266],"tags":[],"class_list":["post-11216","post","type-post","status-publish","format-standard","hentry","category-nach-dem-referendariat","category-thueringen"],"_links":{"self":[{"href":"https:\/\/www.juristenkoffer.de\/refblog\/wp-json\/wp\/v2\/posts\/11216","targetHints":{"allow":["GET"]}}],"collection":[{"href":"https:\/\/www.juristenkoffer.de\/refblog\/wp-json\/wp\/v2\/posts"}],"about":[{"href":"https:\/\/www.juristenkoffer.de\/refblog\/wp-json\/wp\/v2\/types\/post"}],"author":[{"embeddable":true,"href":"https:\/\/www.juristenkoffer.de\/refblog\/wp-json\/wp\/v2\/users\/64"}],"replies":[{"embeddable":true,"href":"https:\/\/www.juristenkoffer.de\/refblog\/wp-json\/wp\/v2\/comments?post=11216"}],"version-history":[{"count":4,"href":"https:\/\/www.juristenkoffer.de\/refblog\/wp-json\/wp\/v2\/posts\/11216\/revisions"}],"predecessor-version":[{"id":11248,"href":"https:\/\/www.juristenkoffer.de\/refblog\/wp-json\/wp\/v2\/posts\/11216\/revisions\/11248"}],"wp:attachment":[{"href":"https:\/\/www.juristenkoffer.de\/refblog\/wp-json\/wp\/v2\/media?parent=11216"}],"wp:term":[{"taxonomy":"category","embeddable":true,"href":"https:\/\/www.juristenkoffer.de\/refblog\/wp-json\/wp\/v2\/categories?post=11216"},{"taxonomy":"post_tag","embeddable":true,"href":"https:\/\/www.juristenkoffer.de\/refblog\/wp-json\/wp\/v2\/tags?post=11216"}],"curies":[{"name":"wp","href":"https:\/\/api.w.org\/{rel}","templated":true}]}}