{"id":11174,"date":"2017-03-27T20:19:52","date_gmt":"2017-03-27T18:19:52","guid":{"rendered":"http:\/\/www.juristenkoffer.de\/refblog\/?p=11174"},"modified":"2017-03-27T20:44:02","modified_gmt":"2017-03-27T18:44:02","slug":"urlaubsrecht-ehemaliger-referendar-fordert-verguetung-fuer-nicht-genommene-urlaubstage","status":"publish","type":"post","link":"https:\/\/www.juristenkoffer.de\/refblog\/rechtsprechung\/urlaubsrecht-ehemaliger-referendar-fordert-verguetung-fuer-nicht-genommene-urlaubstage\/","title":{"rendered":"Urlaubsrecht &#8211; ehemaliger Referendar fordert Verg\u00fctung f\u00fcr nicht genommene Urlaubstage"},"content":{"rendered":"<p><img loading=\"lazy\" decoding=\"async\" class=\"size-full wp-image-3824 alignleft\" src=\"https:\/\/www.juristenkoffer.de\/refblog\/wp-content\/uploads\/2011\/11\/Urlaub.jpg\" alt=\"\" width=\"150\" height=\"150\" \/>Kann ein\u00a0junger Jurist nach dem zweiten Staatsexamen eine Auszahlung seines nicht genommenen Urlaubs beanspruchen? Diese Frage sollte das <a href=\"https:\/\/www.wbs-law.de\/arbeitsrecht\/ovg-berlin-brandenburg-ruft-eugh-bei-fragen-zum-urlaubsrecht-zur-hilfe-69294\/\" target=\"_blank\">Oberverwaltungsgericht Berlin-Brandenburg <\/a>kl\u00e4ren, welches dazu\u00a0um die\u00a0Hilfe des Europ\u00e4ischen Gerichtshofs (EuGH)\u00a0bat.<\/p>\n<p>Durch das Bestehen des Examen des\u00a0klagenden Ex-Referendars wurde der Vorbereitungsdienst automatisch beendet. Doch den ihm zustehende Urlaub hatte\u00a0dieser noch nicht vollst\u00e4ndig aufgebraucht.<!--more--><\/p>\n<p>Der Kl\u00e4ger zog vor das <a href=\"http:\/\/www.lto.de\/recht\/studium-referendariat\/s\/ovg-berlin-brandenburg-beschluss-4-b-38-14-referendariat-urlaub-nicht-genommen-verguetung-eugh\/\" target=\"_blank\">Verwaltungsgericht Berlin<\/a>, was aber erfolglos blieb. Er berief sich auf Artikel 7 Abs. 2 der Richtlinie 2003\/88\/EG,\u00a0welche die Mindestvorschriften der Arbeitszeitgestaltung regelt. Hier hei\u00dft es, dass nur eine finanzielle Verg\u00fctung f\u00fcr nicht genommenen Jahresurlaub genommen werden darf, wenn das Arbeitsverh\u00e4ltnis beendet wird. Das Verwaltungsgericht aber nannte noch zwei Voraussetzungen, die nicht erf\u00fcllt wurden: ein Urlaubsantrag muss gestellt worden sein und der Kl\u00e4ger darf nicht selbst verantwortlich daf\u00fcr sein, den Urlaub nicht genommen zu haben.<\/p>\n<p>Das Oberverwaltungsgericht zweifelt aber an der Auslegung des Verwaltungsgerichts. Denn die vom Verwaltungsgericht angewandte EU Richtlinie enth\u00e4lt nicht die beiden oben genannten Voraussetzungen.<\/p>\n<p>Das Verfahren\u00a0wurde ausgesetzt, bis eine Vorabentscheidung durch den EuGH getroffen wurde.<\/p>\n","protected":false},"excerpt":{"rendered":"<p>Kann ein\u00a0junger Jurist nach dem zweiten Staatsexamen eine Auszahlung seines nicht genommenen Urlaubs beanspruchen? Diese Frage sollte das Oberverwaltungsgericht Berlin-Brandenburg kl\u00e4ren, welches dazu\u00a0um die\u00a0Hilfe des Europ\u00e4ischen Gerichtshofs (EuGH)\u00a0bat. Durch das Bestehen des Examen des\u00a0klagenden Ex-Referendars wurde der Vorbereitungsdienst automatisch beendet. Doch den ihm zustehende Urlaub hatte\u00a0dieser noch nicht vollst\u00e4ndig aufgebraucht.<\/p>\n","protected":false},"author":64,"featured_media":0,"comment_status":"open","ping_status":"open","sticky":false,"template":"","format":"standard","meta":{"footnotes":""},"categories":[1252],"tags":[],"class_list":["post-11174","post","type-post","status-publish","format-standard","hentry","category-rechtsprechung"],"_links":{"self":[{"href":"https:\/\/www.juristenkoffer.de\/refblog\/wp-json\/wp\/v2\/posts\/11174","targetHints":{"allow":["GET"]}}],"collection":[{"href":"https:\/\/www.juristenkoffer.de\/refblog\/wp-json\/wp\/v2\/posts"}],"about":[{"href":"https:\/\/www.juristenkoffer.de\/refblog\/wp-json\/wp\/v2\/types\/post"}],"author":[{"embeddable":true,"href":"https:\/\/www.juristenkoffer.de\/refblog\/wp-json\/wp\/v2\/users\/64"}],"replies":[{"embeddable":true,"href":"https:\/\/www.juristenkoffer.de\/refblog\/wp-json\/wp\/v2\/comments?post=11174"}],"version-history":[{"count":18,"href":"https:\/\/www.juristenkoffer.de\/refblog\/wp-json\/wp\/v2\/posts\/11174\/revisions"}],"predecessor-version":[{"id":11192,"href":"https:\/\/www.juristenkoffer.de\/refblog\/wp-json\/wp\/v2\/posts\/11174\/revisions\/11192"}],"wp:attachment":[{"href":"https:\/\/www.juristenkoffer.de\/refblog\/wp-json\/wp\/v2\/media?parent=11174"}],"wp:term":[{"taxonomy":"category","embeddable":true,"href":"https:\/\/www.juristenkoffer.de\/refblog\/wp-json\/wp\/v2\/categories?post=11174"},{"taxonomy":"post_tag","embeddable":true,"href":"https:\/\/www.juristenkoffer.de\/refblog\/wp-json\/wp\/v2\/tags?post=11174"}],"curies":[{"name":"wp","href":"https:\/\/api.w.org\/{rel}","templated":true}]}}