{"id":11146,"date":"2017-03-14T09:58:14","date_gmt":"2017-03-14T07:58:14","guid":{"rendered":"http:\/\/www.juristenkoffer.de\/refblog\/?p=11146"},"modified":"2017-03-09T22:00:02","modified_gmt":"2017-03-09T20:00:02","slug":"und-die-azur-awards-2017-gehen-an","status":"publish","type":"post","link":"https:\/\/www.juristenkoffer.de\/refblog\/allgemein\/und-die-azur-awards-2017-gehen-an\/","title":{"rendered":"Und die azur Awards 2017 gehen an&#8230;"},"content":{"rendered":"<p><img loading=\"lazy\" decoding=\"async\" class=\"size-full wp-image-11149 alignleft\" src=\"https:\/\/www.juristenkoffer.de\/refblog\/wp-content\/uploads\/2017\/03\/Pokal_azurAwards2017_140x140.jpg\" alt=\"\" width=\"150\" height=\"150\" srcset=\"https:\/\/www.juristenkoffer.de\/refblog\/wp-content\/uploads\/2017\/03\/Pokal_azurAwards2017_140x140.jpg 150w, https:\/\/www.juristenkoffer.de\/refblog\/wp-content\/uploads\/2017\/03\/Pokal_azurAwards2017_140x140-140x140.jpg 140w\" sizes=\"auto, (max-width: 150px) 100vw, 150px\" \/>Zum 6. Mal wurden am 16. Februar 2017 die <a href=\"http:\/\/www.azur-online.de\/awards\" target=\"_blank\">azur Awards <\/a>f\u00fcr besonderes Engagement in der\u00a0F\u00f6rderung junger Juristen\u00a0ausgezeichnet.<\/p>\n<p>Bei einer festlichen Abendveranstaltung in K\u00f6ln wurden vier Arbeitgeber ausgezeichnet, deren Mitarbeiterzufriedenheit und Dynamik bei der Verbesserung und Weiterentwicklung ihrer Angebote hinsichtlich\u00a0der Nachwuchs- und Karrieref\u00f6rderung weit \u00fcber dem Durchschnitt lagen.<\/p>\n<p>Voraussetzung f\u00fcr eine Nominierung\u00a0ist\u00a0die Besch\u00e4ftigung deutscher Juristen und dass diese einen Nutzen aus den gestellten Angeboten ziehen. Ber\u00fccksichtigt werden hierbei Arbeitgeber aller Art, also Kanzleien, Rechtsabteilungen, Beh\u00f6rden oder Beratungsgesellschaften. <!--more--><\/p>\n<p>Nominiert wird in drei Kategorien: Referendariat und Praktikum, Aus- und Fortbildung und Diversity.<\/p>\n<p>azur Award 2017\u00a0in der Kategorie <strong><em>Referendariat und Praktikum:<\/em><\/strong> <strong>Luther<\/strong><\/p>\n<p>Geachtet wurde hier besonders auf Umfang und Internationalit\u00e4t der Ausbildung, das Heranf\u00fchren ans Berufsleben und das Engagement durch die Nachwuchsf\u00f6rderung f\u00fcr den Berufsstand der Juristen.<\/p>\n<p>azur Award 2017\u00a0in der Kategorie <strong><em>Aus- und <\/em>Fortbildung<em>:<\/em><\/strong> <strong>Clifford Chance<\/strong><\/p>\n<p>Das Augenmerk lag auf der fachlichen Ausbildung, der Internationalit\u00e4t und den Angeboten zum Erwerb und der Vertiefung wirtschaftlicher Expertise und Soft Skills.<\/p>\n<p>azur Award 2017 in der Kategorie <em><strong>Diversity:<\/strong><\/em> <strong>Pusch Wahlig<\/strong><\/p>\n<p>Bewertet wurde echte Chancengleichheit (Geschlecht, Migrationshintergrund, Religionszugeh\u00f6rigkeit, &#8230;), der Umgang mit den Erwartungen der Mitarbeiter sowie das Vorleben\u00a0einer Diversity-Kultur durch die F\u00fchrungskr\u00e4fte.<\/p>\n<p style=\"border:1px solid; padding: 5px; margin: 2px 0px 10px 0px; line-height: 150%\">\n\t\t\t\tDie RefNews sind das Blog von Juristenkoffer.de - einem der ersten und mit weit mehr als 35.000 zufriedenen Kunden einem der gr\u00f6\u00dften Vermieter von Kommentaren in Deutschland. Bist Du bereits Rechtsreferendar, hast Dir aber noch keinen Juristenkoffer reserviert? Dann informiere Dich jetzt \u00fcber unser Angebot und <a href=\"https:\/\/www.juristenkoffer.de\/angebot.php?rel=textartikelrefnews\" target=\"_blank\">sichere Dir schnell Deine Examenskommentare<\/a>!\n\t\t\t\t<\/p>\n<p>Zus\u00e4tzlich wurde der <em><strong>Platz 1 azur100<\/strong><\/em> ausgezeichnet. <strong>Freshfields Bruckhaus Deringer<\/strong>, der Gewinner dieses Preises, f\u00fchrt\u00a0dieses Jahr bez\u00fcglich der azur-Bewerber- und Associateumfrage, Details zu Neuanstellungen und Geh\u00e4ltern, die Liste der Top-Arbeitgeber an.<\/p>\n","protected":false},"excerpt":{"rendered":"<p>Zum 6. Mal wurden am 16. Februar 2017 die azur Awards f\u00fcr besonderes Engagement in der\u00a0F\u00f6rderung junger Juristen\u00a0ausgezeichnet. Bei einer festlichen Abendveranstaltung in K\u00f6ln wurden vier Arbeitgeber ausgezeichnet, deren Mitarbeiterzufriedenheit und Dynamik bei der Verbesserung und Weiterentwicklung ihrer Angebote hinsichtlich\u00a0der Nachwuchs- und Karrieref\u00f6rderung weit \u00fcber dem Durchschnitt lagen. Voraussetzung f\u00fcr eine Nominierung\u00a0ist\u00a0die Besch\u00e4ftigung deutscher Juristen [&hellip;]<\/p>\n","protected":false},"author":64,"featured_media":0,"comment_status":"open","ping_status":"open","sticky":false,"template":"","format":"standard","meta":{"footnotes":""},"categories":[1],"tags":[],"class_list":["post-11146","post","type-post","status-publish","format-standard","hentry","category-allgemein"],"_links":{"self":[{"href":"https:\/\/www.juristenkoffer.de\/refblog\/wp-json\/wp\/v2\/posts\/11146","targetHints":{"allow":["GET"]}}],"collection":[{"href":"https:\/\/www.juristenkoffer.de\/refblog\/wp-json\/wp\/v2\/posts"}],"about":[{"href":"https:\/\/www.juristenkoffer.de\/refblog\/wp-json\/wp\/v2\/types\/post"}],"author":[{"embeddable":true,"href":"https:\/\/www.juristenkoffer.de\/refblog\/wp-json\/wp\/v2\/users\/64"}],"replies":[{"embeddable":true,"href":"https:\/\/www.juristenkoffer.de\/refblog\/wp-json\/wp\/v2\/comments?post=11146"}],"version-history":[{"count":2,"href":"https:\/\/www.juristenkoffer.de\/refblog\/wp-json\/wp\/v2\/posts\/11146\/revisions"}],"predecessor-version":[{"id":11150,"href":"https:\/\/www.juristenkoffer.de\/refblog\/wp-json\/wp\/v2\/posts\/11146\/revisions\/11150"}],"wp:attachment":[{"href":"https:\/\/www.juristenkoffer.de\/refblog\/wp-json\/wp\/v2\/media?parent=11146"}],"wp:term":[{"taxonomy":"category","embeddable":true,"href":"https:\/\/www.juristenkoffer.de\/refblog\/wp-json\/wp\/v2\/categories?post=11146"},{"taxonomy":"post_tag","embeddable":true,"href":"https:\/\/www.juristenkoffer.de\/refblog\/wp-json\/wp\/v2\/tags?post=11146"}],"curies":[{"name":"wp","href":"https:\/\/api.w.org\/{rel}","templated":true}]}}