{"id":11143,"date":"2020-09-18T07:23:33","date_gmt":"2020-09-18T05:23:33","guid":{"rendered":"http:\/\/www.juristenkoffer.de\/refblog\/?p=11143"},"modified":"2021-01-08T16:32:43","modified_gmt":"2021-01-08T14:32:43","slug":"syndikus-eher-nichts-fuer-nachwuchsjuristen","status":"publish","type":"post","link":"https:\/\/www.juristenkoffer.de\/refblog\/nach-dem-referendariat\/syndikus-eher-nichts-fuer-nachwuchsjuristen\/","title":{"rendered":"Syndikus &#8211; bei Nachwuchsjuristen eher unbeliebt"},"content":{"rendered":"<p><img loading=\"lazy\" decoding=\"async\" class=\"size-full wp-image-7392 alignleft\" src=\"https:\/\/www.juristenkoffer.de\/refblog\/wp-content\/uploads\/2013\/03\/MH9004221762.jpg\" alt=\"\" width=\"150\" height=\"150\" \/>Das Arbeiten in einer Rechtsabteilung wird als Berufseinstieg\u00a0immer unbeliebter. Laut der <a href=\"http:\/\/www.juve.de\/nachrichten\/namenundnachrichten\/nachrichtunternehmen\/2017\/02\/wunscharbeitgeber-immer-weniger-absolventen-wollen-syndikus-werden\" target=\"_blank\">azur-Bewerberumfragen<\/a>\u00a0von den Jahren 2010 bis 2016 setzte sich diese Entwicklung immer weiter fort. 2010\u00a0gaben 58,7% der Berufsanf\u00e4nger\u00a0der Kanzlei den Vorzug, 2016 waren es schon 70,4%. Die prozentualen Anteile f\u00fcr einen Berufseinstieg in einer Beh\u00f6rde\/Justiz, Beratungsgesellschaft oder einem Unternehmen sanken dementsprechend. 21,0% hatten sich 2010 f\u00fcr die Arbeit in einem Unternehmen interessiert, 2016 nur noch 10,5%. <!--more--><\/p>\n<p>F\u00fcr die Wahl einer Rechtsabteilung oder den \u00f6ffentlichen Dienst sprechen die Vereinbarkeit von Beruf, Freizeit und Familie. F\u00fcr wen Betriebsklima, Renommee und Gehalt wichtig sind, entscheidet sich eher f\u00fcr den Berufseinstieg in eine Kanzlei.<\/p>\n<p style=\"border:1px solid; padding: 5px; margin: 2px 0px 10px 0px; line-height: 150%\">\n\t\t\t\tDie RefNews sind das Blog von Juristenkoffer.de - einem der ersten und mit weit mehr als 35.000 zufriedenen Kunden einem der gr\u00f6\u00dften Vermieter von Kommentaren in Deutschland. Bist Du bereits Rechtsreferendar, hast Dir aber noch keinen Juristenkoffer reserviert? Dann informiere Dich jetzt \u00fcber unser Angebot und <a href=\"https:\/\/www.juristenkoffer.de\/angebot.php?rel=textartikelrefnews\" target=\"_blank\">sichere Dir schnell Deine Examenskommentare<\/a>!\n\t\t\t\t<\/p>\n<p>Trotz des geringen Interesses der Berufsanf\u00e4nger, wachsen die Rechtsabteilungen stetig. Denn sie stellen nun verst\u00e4rkt juristische Fachkr\u00e4fte anstatt Volljuristen ein.\u00a0 Auch besteht seitens der Unternehmen eine Vorliebe\u00a0f\u00fcr Juristen mit Berufserfahrung, Berufseinsteiger sind weniger interessant. Daf\u00fcr aber zeigt\u00a0die azur-Associateumfrage 2016, dass sich rund 40% der Juristen aus Kanzleien bei einem Wechsel des Arbeitsverh\u00e4ltnisses eine Rechtsabteilung pr\u00e4ferieren w\u00fcrden. Auch interessant: nur 10% der Arbeitnehmer, die bereits in einem Unternehmen angestellt sind, w\u00fcrden in eine Kanzlei wechseln wollen.<\/p>\n","protected":false},"excerpt":{"rendered":"<p>Das Arbeiten in einer Rechtsabteilung wird als Berufseinstieg\u00a0immer unbeliebter. Laut der azur-Bewerberumfragen\u00a0von den Jahren 2010 bis 2016 setzte sich diese Entwicklung immer weiter fort. 2010\u00a0gaben 58,7% der Berufsanf\u00e4nger\u00a0der Kanzlei den Vorzug, 2016 waren es schon 70,4%. Die prozentualen Anteile f\u00fcr einen Berufseinstieg in einer Beh\u00f6rde\/Justiz, Beratungsgesellschaft oder einem Unternehmen sanken dementsprechend. 21,0% hatten sich 2010 [&hellip;]<\/p>\n","protected":false},"author":64,"featured_media":0,"comment_status":"open","ping_status":"open","sticky":false,"template":"","format":"standard","meta":{"footnotes":""},"categories":[49],"tags":[],"class_list":["post-11143","post","type-post","status-publish","format-standard","hentry","category-nach-dem-referendariat"],"_links":{"self":[{"href":"https:\/\/www.juristenkoffer.de\/refblog\/wp-json\/wp\/v2\/posts\/11143","targetHints":{"allow":["GET"]}}],"collection":[{"href":"https:\/\/www.juristenkoffer.de\/refblog\/wp-json\/wp\/v2\/posts"}],"about":[{"href":"https:\/\/www.juristenkoffer.de\/refblog\/wp-json\/wp\/v2\/types\/post"}],"author":[{"embeddable":true,"href":"https:\/\/www.juristenkoffer.de\/refblog\/wp-json\/wp\/v2\/users\/64"}],"replies":[{"embeddable":true,"href":"https:\/\/www.juristenkoffer.de\/refblog\/wp-json\/wp\/v2\/comments?post=11143"}],"version-history":[{"count":4,"href":"https:\/\/www.juristenkoffer.de\/refblog\/wp-json\/wp\/v2\/posts\/11143\/revisions"}],"predecessor-version":[{"id":12244,"href":"https:\/\/www.juristenkoffer.de\/refblog\/wp-json\/wp\/v2\/posts\/11143\/revisions\/12244"}],"wp:attachment":[{"href":"https:\/\/www.juristenkoffer.de\/refblog\/wp-json\/wp\/v2\/media?parent=11143"}],"wp:term":[{"taxonomy":"category","embeddable":true,"href":"https:\/\/www.juristenkoffer.de\/refblog\/wp-json\/wp\/v2\/categories?post=11143"},{"taxonomy":"post_tag","embeddable":true,"href":"https:\/\/www.juristenkoffer.de\/refblog\/wp-json\/wp\/v2\/tags?post=11143"}],"curies":[{"name":"wp","href":"https:\/\/api.w.org\/{rel}","templated":true}]}}