{"id":11134,"date":"2017-03-03T16:34:10","date_gmt":"2017-03-03T14:34:10","guid":{"rendered":"http:\/\/www.juristenkoffer.de\/refblog\/?p=11134"},"modified":"2017-03-03T16:36:33","modified_gmt":"2017-03-03T14:36:33","slug":"initiativstellungnahme-des-dav","status":"publish","type":"post","link":"https:\/\/www.juristenkoffer.de\/refblog\/anwaltsstation\/initiativstellungnahme-des-dav\/","title":{"rendered":"Initiativstellungnahme des DAV"},"content":{"rendered":"<p><img loading=\"lazy\" decoding=\"async\" class=\"size-full wp-image-3408 alignleft\" src=\"https:\/\/www.juristenkoffer.de\/refblog\/wp-content\/uploads\/2011\/03\/DAV.png\" alt=\"\" width=\"150\" height=\"150\" \/>In einer <a href=\"https:\/\/www.google.de\/url?sa=t&amp;rct=j&amp;q=&amp;esrc=s&amp;source=web&amp;cd=1&amp;ved=0ahUKEwix2sjggrjSAhXCWhQKHfQBBD4QFggaMAA&amp;url=https%3A%2F%2Fanwaltverein.de%2Fde%2Fnewsroom%2Fsn-15-17-referendare-nebentaetigkeit-und-stationsverguetung%3Fscope%3Dmodal%26target%3Dmodal_reader_24%26file%3Dfiles%2Fanwaltverein.de%2Fdownloads%2Fnewsroom%2Fstellungnahmen%2F2017%2FDAV-SN%252015-2017.pdf&amp;usg=AFQjCNGAmolNR2URW9mnkqDHhredkUQbOQ&amp;bvm=bv.148441817,d.d24\" target=\"_blank\">Initiativstellungnahme <\/a>\u00e4u\u00dferte sich im Februar 2017 der Deutsche Anwaltverein (DAV) zum Thema Nebent\u00e4tigkeiten und Stationsverg\u00fctung f\u00fcr Referendare.<\/p>\n<p><strong>Zum Hintergrund:<\/strong> die Ausbildungsentgelte im\u00a0juristischen Vorbereitungsdienst\u00a0d\u00fcrfen sich am Sozialhilferecht orientieren, was hei\u00dft, dass Referendare praktisch auf zus\u00e4tzliches Einkommen angewiesen sind. Doch das ist oft mit rechtlichen Problemen verbunden. Die Regelung handhaben die Bundesl\u00e4nder teils sehr unterschiedlich und intransparent. Und auch die zus\u00e4tzliche Verg\u00fctung in Anwaltskanzleien ist f\u00fcr alle Beteiligten erschwert worden. <!--more-->Wir berichteten hier in den <a href=\"https:\/\/www.juristenkoffer.de\/refblog\/nrw\/nrw-zusatzverguetung-erhaelt-der-referendar-kuenftig-vom-land\/\" target=\"_blank\">RefNews<\/a> bereits, dass sich zum Beispiel f\u00fcr NRW die Vorgaben so ge\u00e4ndert haben, dass die Ausbildungsstellen die zus\u00e4tzliche Verg\u00fctung an das Landesamt f\u00fcr Besoldung und Versorgung (LBV) zahlen m\u00fcssen und es dann\u00a0nach Abz\u00fcgen wieder an die Referendare ausgesch\u00fcttet\u00a0wird. Hamburg hat den zul\u00e4ssigen Wochenumfang einer Nebent\u00e4tigkeit erh\u00f6ht, das Arbeiten in der Ausbildungsstation wurde somit zur Nebent\u00e4tigkeit umdeklariert. Andere Bundesl\u00e4nder haben den Zuverdienst ganz verboten,\u00a0hier werden Ausweichregelungen zwischen Ausbildern und Referendaren geschlossen. Man sieht also wie un\u00fcbersichtlich das Ganze geworden ist.<\/p>\n<p>Aufgrund diesen ganzen Wirrwarrs, sieht der DAV nun dringend Handlungsbedarf.<\/p>\n<p><strong>Nebent\u00e4tigkeit<\/strong><\/p>\n<p>Die Regelungen \u00fcber die Anrechnung von Eink\u00fcnften aus der Nebent\u00e4tigkeit auf die Ausbildungsbeihilfe ist kompliziert und nicht durchsichtig. Auch unterscheiden sich die Richtlinien zwischen den einzelnen L\u00e4ndern. So sind Nebent\u00e4tigkeiten in machen Bundesl\u00e4ndern genehmigungspflichtig, in anderen nur anzeigepflichtig. Auch die zul\u00e4ssige Wochenstundenzahl variiert sehr. So sind einige L\u00e4nder angesichts der finanziellen Regelungen lukrativer als andere.<\/p>\n<p style=\"border:1px solid; padding: 5px; margin: 2px 0px 10px 0px; line-height: 150%\">\n\t\t\t\tDie RefNews sind das Blog von Juristenkoffer.de - einem der ersten und mit weit mehr als 35.000 zufriedenen Kunden einem der gr\u00f6\u00dften Vermieter von Kommentaren in Deutschland. Bist Du bereits Rechtsreferendar, hast Dir aber noch keinen Juristenkoffer reserviert? Dann informiere Dich jetzt \u00fcber unser Angebot und <a href=\"https:\/\/www.juristenkoffer.de\/angebot.php?rel=textartikelrefnews\" target=\"_blank\">sichere Dir schnell Deine Examenskommentare<\/a>!\n\t\t\t\t<\/p>\n<p>Der DAV h\u00e4lt diese Situation nicht f\u00fcr zumutbar und zieht folgende Konsequenzen:<\/p>\n<ul>\n<li>die Ausbildungsbeihilfen sollte nicht an Sozialhilfestandards ausgerichtet sein<\/li>\n<li>die Bundesl\u00e4ndern sollten ihre Regelungen f\u00fcr einen Nebent\u00e4tigkeit harmonisieren<\/li>\n<li>die Anrechnung von Eink\u00fcnften aus der Nebent\u00e4tigkeit sollte transparent und praxistauglich gestaltet und bestenfalls in den L\u00e4ndern einheitlich geregelt werden<\/li>\n<\/ul>\n<p><strong>Zus\u00e4tzliche Stationsverg\u00fctung<\/strong><\/p>\n<p>Zus\u00e4tzliche Verg\u00fctung stellt einen Anreiz f\u00fcr ein h\u00f6heres Engagement dar und hat sich \u00fcber Jahrzehnte bew\u00e4hrt. Doch auch hier finden sich derzeit auf sozialversicherungsrechtlicher Ebene einige Probleme. Der DAV fordert eine bundesrechtliche Regelung,\u00a0die erlaubt, Zusatzverg\u00fctungen zu gew\u00e4hren, ohne die L\u00e4nder finanziell zu belasten. Auch sollte die Verg\u00fctung nicht der Ausbildungsbeihilfe zugeordnet, sondern als Arbeitsentgelt gesehen werden. Die Entgelte werden dann von der Person verbeitragt, die dieses entrichten.\u00a0Ohne Schwierigkeiten\u00a0k\u00f6nnten dann die Zuverdienste von den Kanzleien entrichtet werden und w\u00e4ren auch von dort zu verbeitragen.<\/p>\n","protected":false},"excerpt":{"rendered":"<p>In einer Initiativstellungnahme \u00e4u\u00dferte sich im Februar 2017 der Deutsche Anwaltverein (DAV) zum Thema Nebent\u00e4tigkeiten und Stationsverg\u00fctung f\u00fcr Referendare. Zum Hintergrund: die Ausbildungsentgelte im\u00a0juristischen Vorbereitungsdienst\u00a0d\u00fcrfen sich am Sozialhilferecht orientieren, was hei\u00dft, dass Referendare praktisch auf zus\u00e4tzliches Einkommen angewiesen sind. Doch das ist oft mit rechtlichen Problemen verbunden. Die Regelung handhaben die Bundesl\u00e4nder teils sehr unterschiedlich [&hellip;]<\/p>\n","protected":false},"author":64,"featured_media":0,"comment_status":"open","ping_status":"open","sticky":false,"template":"","format":"standard","meta":{"footnotes":""},"categories":[48],"tags":[],"class_list":["post-11134","post","type-post","status-publish","format-standard","hentry","category-anwaltsstation"],"_links":{"self":[{"href":"https:\/\/www.juristenkoffer.de\/refblog\/wp-json\/wp\/v2\/posts\/11134","targetHints":{"allow":["GET"]}}],"collection":[{"href":"https:\/\/www.juristenkoffer.de\/refblog\/wp-json\/wp\/v2\/posts"}],"about":[{"href":"https:\/\/www.juristenkoffer.de\/refblog\/wp-json\/wp\/v2\/types\/post"}],"author":[{"embeddable":true,"href":"https:\/\/www.juristenkoffer.de\/refblog\/wp-json\/wp\/v2\/users\/64"}],"replies":[{"embeddable":true,"href":"https:\/\/www.juristenkoffer.de\/refblog\/wp-json\/wp\/v2\/comments?post=11134"}],"version-history":[{"count":8,"href":"https:\/\/www.juristenkoffer.de\/refblog\/wp-json\/wp\/v2\/posts\/11134\/revisions"}],"predecessor-version":[{"id":11148,"href":"https:\/\/www.juristenkoffer.de\/refblog\/wp-json\/wp\/v2\/posts\/11134\/revisions\/11148"}],"wp:attachment":[{"href":"https:\/\/www.juristenkoffer.de\/refblog\/wp-json\/wp\/v2\/media?parent=11134"}],"wp:term":[{"taxonomy":"category","embeddable":true,"href":"https:\/\/www.juristenkoffer.de\/refblog\/wp-json\/wp\/v2\/categories?post=11134"},{"taxonomy":"post_tag","embeddable":true,"href":"https:\/\/www.juristenkoffer.de\/refblog\/wp-json\/wp\/v2\/tags?post=11134"}],"curies":[{"name":"wp","href":"https:\/\/api.w.org\/{rel}","templated":true}]}}