{"id":11004,"date":"2016-12-06T10:03:30","date_gmt":"2016-12-06T08:03:30","guid":{"rendered":"http:\/\/www.juristenkoffer.de\/refblog\/?p=11004"},"modified":"2016-12-06T10:04:14","modified_gmt":"2016-12-06T08:04:14","slug":"werbekampagne-in-mv-traegt-offenbar-fruechte","status":"publish","type":"post","link":"https:\/\/www.juristenkoffer.de\/refblog\/vor-dem-referendariat\/werbekampagne-in-mv-traegt-offenbar-fruechte\/","title":{"rendered":"Werbekampagne in MV tr\u00e4gt offenbar Fr\u00fcchte"},"content":{"rendered":"<p><img loading=\"lazy\" decoding=\"async\" class=\"alignleft size-thumbnail wp-image-10922\" src=\"https:\/\/www.juristenkoffer.de\/refblog\/wp-content\/uploads\/2016\/08\/xxx-150x150.png\" alt=\"\" width=\"150\" height=\"150\" \/>Wie wir in den <a href=\"https:\/\/www.juristenkoffer.de\/refblog\/allgemein\/mv-soll-fuer-referendare-attraktiver-werden\/\">RefNews berichteten<\/a>, hat Mecklenburg-Vorpommern im Sommer mit einer gro\u00dfen Werbekampagne versucht, auf die Attraktivit\u00e4t des Referendariats in MV hinzuweisen. Daf\u00fcr wurde unter anderem ein Imagefilm gedreht und ver\u00f6ffentlicht; zudem erh\u00f6hte man die Unterhaltsbeihilfe f\u00fcr Rechtsreferendare deutlich.<\/p>\n<p>Die Werbeoffensive hat offenbar gewirkt. Wie das Justizministerium nach\u00a0einem Bericht der <a href=\"http:\/\/www.ostsee-zeitung.de\/Nachrichten\/MV-aktuell\/Politik\/Nach-Imagekampagne-mehr-Justiz-Referendare-in-MV\" target=\"_blank\">Ostsee-Zeitung<\/a> best\u00e4tigte, haben im Dezember gleich 26 Juristen ihr Referendariat in Mecklenburg-Vorpommern begonnen.\u00a0So viele angehende Richter und Staatsanw\u00e4lte seien es zuletzt vor drei Jahren gewesen.<\/p>\n<p>Dass die Rahmenbedingungen des juristischen Vorbereitungsdienst durchaus mit entscheidend daf\u00fcr sind, wie viele Referendare ihren Vorbereitungsdienst in einem Land ableisten, sollte sich nun auch Th\u00fcringen klar machen.<!--more--> Denn dort k\u00fcrzte man die Unterhaltsbeihilfe. Die Folge war ein <a href=\"https:\/\/www.juristenkoffer.de\/refblog\/vor-dem-referendariat\/negative-folgen-der-reform-in-thueringen\/\" target=\"_blank\">Einbruch der Zahl der neuen Referendare<\/a>.<\/p>\n<p>Wer sich \u00fcber den Inhalt und Ablauf des Referendariats in Mecklenburg-Vorpommern und \/ oder Th\u00fcringen informieren m\u00f6chte, findet alles Wichtige hierzu auf den <a href=\"https:\/\/www.juristenkoffer.de\/rechtsreferendariat\/\" target=\"_blank\">RefInfo-Seiten von Juristenkoffer.de<\/a>!<\/p>\n","protected":false},"excerpt":{"rendered":"<p>Wie wir in den RefNews berichteten, hat Mecklenburg-Vorpommern im Sommer mit einer gro\u00dfen Werbekampagne versucht, auf die Attraktivit\u00e4t des Referendariats in MV hinzuweisen. Daf\u00fcr wurde unter anderem ein Imagefilm gedreht und ver\u00f6ffentlicht; zudem erh\u00f6hte man die Unterhaltsbeihilfe f\u00fcr Rechtsreferendare deutlich. Die Werbeoffensive hat offenbar gewirkt. Wie das Justizministerium nach\u00a0einem Bericht der Ostsee-Zeitung best\u00e4tigte, haben im [&hellip;]<\/p>\n","protected":false},"author":3,"featured_media":0,"comment_status":"open","ping_status":"open","sticky":false,"template":"","format":"standard","meta":{"footnotes":""},"categories":[17,6],"tags":[],"class_list":["post-11004","post","type-post","status-publish","format-standard","hentry","category-mecklenburg-vorpommern","category-vor-dem-referendariat"],"_links":{"self":[{"href":"https:\/\/www.juristenkoffer.de\/refblog\/wp-json\/wp\/v2\/posts\/11004","targetHints":{"allow":["GET"]}}],"collection":[{"href":"https:\/\/www.juristenkoffer.de\/refblog\/wp-json\/wp\/v2\/posts"}],"about":[{"href":"https:\/\/www.juristenkoffer.de\/refblog\/wp-json\/wp\/v2\/types\/post"}],"author":[{"embeddable":true,"href":"https:\/\/www.juristenkoffer.de\/refblog\/wp-json\/wp\/v2\/users\/3"}],"replies":[{"embeddable":true,"href":"https:\/\/www.juristenkoffer.de\/refblog\/wp-json\/wp\/v2\/comments?post=11004"}],"version-history":[{"count":3,"href":"https:\/\/www.juristenkoffer.de\/refblog\/wp-json\/wp\/v2\/posts\/11004\/revisions"}],"predecessor-version":[{"id":11007,"href":"https:\/\/www.juristenkoffer.de\/refblog\/wp-json\/wp\/v2\/posts\/11004\/revisions\/11007"}],"wp:attachment":[{"href":"https:\/\/www.juristenkoffer.de\/refblog\/wp-json\/wp\/v2\/media?parent=11004"}],"wp:term":[{"taxonomy":"category","embeddable":true,"href":"https:\/\/www.juristenkoffer.de\/refblog\/wp-json\/wp\/v2\/categories?post=11004"},{"taxonomy":"post_tag","embeddable":true,"href":"https:\/\/www.juristenkoffer.de\/refblog\/wp-json\/wp\/v2\/tags?post=11004"}],"curies":[{"name":"wp","href":"https:\/\/api.w.org\/{rel}","templated":true}]}}