{"id":10955,"date":"2016-11-11T11:23:48","date_gmt":"2016-11-11T09:23:48","guid":{"rendered":"http:\/\/www.juristenkoffer.de\/refblog\/?p=10955"},"modified":"2016-11-19T11:58:17","modified_gmt":"2016-11-19T09:58:17","slug":"negative-folgen-der-reform-in-thueringen","status":"publish","type":"post","link":"https:\/\/www.juristenkoffer.de\/refblog\/vor-dem-referendariat\/negative-folgen-der-reform-in-thueringen\/","title":{"rendered":"Negative Folgen der Reform in Th\u00fcringen"},"content":{"rendered":"<p><img loading=\"lazy\" decoding=\"async\" class=\"alignleft size-full wp-image-10956\" src=\"https:\/\/www.juristenkoffer.de\/refblog\/wp-content\/uploads\/2016\/11\/MP900401813.jpg\" alt=\"\" width=\"150\" height=\"150\" srcset=\"https:\/\/www.juristenkoffer.de\/refblog\/wp-content\/uploads\/2016\/11\/MP900401813.jpg 150w, https:\/\/www.juristenkoffer.de\/refblog\/wp-content\/uploads\/2016\/11\/MP900401813-140x140.jpg 140w\" sizes=\"auto, (max-width: 150px) 100vw, 150px\" \/>Wie wir ausf\u00fchrlich in den <a href=\"https:\/\/www.juristenkoffer.de\/refblog\/allgemein\/thueringer-referendaren-droht-kuerzung-der-unterhaltsbeihilfe\/\">RefNews berichteten<\/a>, wurde in Th\u00fcringen das Gehalt der Rechtsreferendare gek\u00fcrzt. Zudem wurde aus dem Beamtenverh\u00e4ltnis nun &#8211; wie auch in den anderen L\u00e4ndern &#8211; ein \u00f6ffentlich-rechtliches Ausbildungsverh\u00e4ltnis.<\/p>\n<p>Eine &#8222;Kleine Anfrage&#8220; im Th\u00fcringischen Landtag zeigt nun die Konsequenzen dieser Ma\u00dfnahmen. So sind die Einstellungen im Jahr 2016 im Vergleich zu den Vorjahren deutlich zur\u00fcck gegangen:<!--more--><\/p>\n<p>2008: 89 Einstellungen<br \/>\n2009: 99 Einstellungen<br \/>\n2010: 135 Einstellungen<br \/>\n2011: 102 Einstellungen<br \/>\n2012: 101 Einstellungen<br \/>\n2013: 128 Einstellungen<br \/>\n2014: 77 Einstellungen<br \/>\n2015: 82\u00a0Einstellungen<br \/>\n2016: 52 Einstellungen (voraussichtlich!)<\/p>\n<p>Ein Grund hierf\u00fcr d\u00fcrfte sicherlich das geringere Gehalt der Referendare sein, das im Jahr 2016 auf 1.100 \u20ac brutto gesenkt wurde. Die Senkung wird dar\u00fcber hinaus in Th\u00fcringen dadurch versch\u00e4rft, dass der Gesetzgeber &#8211; anders als in wohl allen anderen L\u00e4ndern &#8211; keine Befreiung von der Rentenversicherungspflicht in das \u00c4nderungsgesetz aufgenommen hat! So werden bei einem unverheirateten kinderlosen Rechtsreferendar monatlich circa 114 Euro Rentenversicherungsbeitr\u00e4ge abgef\u00fchrt. Das ergibt dann eine \u00fcberschaubare Netto-Unterhaltsbeihilfe von gerade einmal 860 Euro pro Monat.<\/p>\n<p>Ob sich das Land im Hinblick auf die Nachwuchsgewinnung mit dieser Reform einen Gefallen getan hat, ist doch sehr zweifelhaft. Was aber zweifellos erreicht wurde, ist eine hohe Entlastung des Landeshaushalts.<\/p>\n","protected":false},"excerpt":{"rendered":"<p>Wie wir ausf\u00fchrlich in den RefNews berichteten, wurde in Th\u00fcringen das Gehalt der Rechtsreferendare gek\u00fcrzt. Zudem wurde aus dem Beamtenverh\u00e4ltnis nun &#8211; wie auch in den anderen L\u00e4ndern &#8211; ein \u00f6ffentlich-rechtliches Ausbildungsverh\u00e4ltnis. Eine &#8222;Kleine Anfrage&#8220; im Th\u00fcringischen Landtag zeigt nun die Konsequenzen dieser Ma\u00dfnahmen. So sind die Einstellungen im Jahr 2016 im Vergleich zu den [&hellip;]<\/p>\n","protected":false},"author":3,"featured_media":0,"comment_status":"open","ping_status":"open","sticky":false,"template":"","format":"standard","meta":{"footnotes":""},"categories":[266,6],"tags":[],"class_list":["post-10955","post","type-post","status-publish","format-standard","hentry","category-thueringen","category-vor-dem-referendariat"],"_links":{"self":[{"href":"https:\/\/www.juristenkoffer.de\/refblog\/wp-json\/wp\/v2\/posts\/10955","targetHints":{"allow":["GET"]}}],"collection":[{"href":"https:\/\/www.juristenkoffer.de\/refblog\/wp-json\/wp\/v2\/posts"}],"about":[{"href":"https:\/\/www.juristenkoffer.de\/refblog\/wp-json\/wp\/v2\/types\/post"}],"author":[{"embeddable":true,"href":"https:\/\/www.juristenkoffer.de\/refblog\/wp-json\/wp\/v2\/users\/3"}],"replies":[{"embeddable":true,"href":"https:\/\/www.juristenkoffer.de\/refblog\/wp-json\/wp\/v2\/comments?post=10955"}],"version-history":[{"count":2,"href":"https:\/\/www.juristenkoffer.de\/refblog\/wp-json\/wp\/v2\/posts\/10955\/revisions"}],"predecessor-version":[{"id":10974,"href":"https:\/\/www.juristenkoffer.de\/refblog\/wp-json\/wp\/v2\/posts\/10955\/revisions\/10974"}],"wp:attachment":[{"href":"https:\/\/www.juristenkoffer.de\/refblog\/wp-json\/wp\/v2\/media?parent=10955"}],"wp:term":[{"taxonomy":"category","embeddable":true,"href":"https:\/\/www.juristenkoffer.de\/refblog\/wp-json\/wp\/v2\/categories?post=10955"},{"taxonomy":"post_tag","embeddable":true,"href":"https:\/\/www.juristenkoffer.de\/refblog\/wp-json\/wp\/v2\/tags?post=10955"}],"curies":[{"name":"wp","href":"https:\/\/api.w.org\/{rel}","templated":true}]}}