{"id":10921,"date":"2016-08-30T12:02:10","date_gmt":"2016-08-30T10:02:10","guid":{"rendered":"http:\/\/www.juristenkoffer.de\/refblog\/?p=10921"},"modified":"2016-08-30T12:02:10","modified_gmt":"2016-08-30T10:02:10","slug":"mv-soll-fuer-referendare-attraktiver-werden","status":"publish","type":"post","link":"https:\/\/www.juristenkoffer.de\/refblog\/allgemein\/mv-soll-fuer-referendare-attraktiver-werden\/","title":{"rendered":"MV soll f\u00fcr Referendare attraktiver werden"},"content":{"rendered":"<p><img loading=\"lazy\" decoding=\"async\" class=\"size-full wp-image-8790 alignleft\" src=\"https:\/\/www.juristenkoffer.de\/refblog\/wp-content\/uploads\/2014\/02\/erstertag.jpg\" alt=\"\" width=\"150\" height=\"150\" \/>In den vergangenen Einstellungsterminen gab es nur wenige Referendare, die sich entschieden haben, ihren juristischen Vorbereitungsdienst in Mecklenburg-Vorpommern zu machen. Gr\u00fcnde hierf\u00fcr sind m\u00f6glicherweise das vergleichsweise schlechte Gehalt, die \u00fcberschaubaren Ergebnisse im 2. Examen sowie der Umstand, dass es sich bei Mecklenburg-Vorpommern um einen Fl\u00e4chenland handelt, die Referendare also ggf. weite Entfernungen in Kauf nehmen m\u00fcssen.<\/p>\n<p>Da in absehbarer Zeit eine Pensionierungswelle in der Justiz bevorsteht, hat sich das Justizministerium entschlossen, bei jungen Juristen f\u00fcr den Standort Mecklenburg-Vorpommern zu werben.<!--more--> Dazu wurde ein <a href=\"http:\/\/www.regierung-mv.de\/Landesregierung\/jm\/justizministerium\/aufgaben\/Landesjustizpr%C3%BCfungsamt\/Referendariat-in-Mecklenburg%E2%80%93Vorpommern\/\" target=\"_blank\">Imagefilm erstellt<\/a>, der die Vorz\u00fcge des Referendariats in MV hervorheben soll.<\/p>\n<p><a href=\"http:\/\/www.regierung-mv.de\/Landesregierung\/jm\/justizministerium\/aufgaben\/Landesjustizpr%C3%BCfungsamt\/Referendariat-in-Mecklenburg%E2%80%93Vorpommern\/\" target=\"_blank\"><img loading=\"lazy\" decoding=\"async\" class=\"aligncenter wp-image-10922 size-medium\" src=\"https:\/\/www.juristenkoffer.de\/refblog\/wp-content\/uploads\/2016\/08\/xxx-300x185.png\" alt=\"\" width=\"300\" height=\"185\" srcset=\"https:\/\/www.juristenkoffer.de\/refblog\/wp-content\/uploads\/2016\/08\/xxx-300x185.png 300w, https:\/\/www.juristenkoffer.de\/refblog\/wp-content\/uploads\/2016\/08\/xxx-140x86.png 140w, https:\/\/www.juristenkoffer.de\/refblog\/wp-content\/uploads\/2016\/08\/xxx.png 744w\" sizes=\"auto, (max-width: 300px) 100vw, 300px\" \/><\/a><\/p>\n<p>Zudem wurde eine Brosch\u00fcre\u00a0&#8222;Referendariat in Mecklenburg-Vorpommern&#8220; erstellt, die man auf der Seite des Justizministeriums <a href=\"http:\/\/www.regierung-mv.de\/static\/Regierungsportal\/Justizministerium\/Dateien\/brosch_Din-lang_referendariat_mvtutgut_web.pdf\" target=\"_blank\">downloaden kann<\/a>.<\/p>\n<p>Nun berichtet unter anderem die &#8222;<a href=\"http:\/\/www.welt.de\/regionales\/mecklenburg-vorpommern\/article157881577\/Justiz-Referendare-bekommen-mehr-Geld.html\" target=\"_blank\">Welt<\/a>&#8222;, dass auch die Erh\u00f6hung der Unterhaltsbeihilfe beschlossene Sache ist.\u00a0Mit dem 1. September wird die Unterhaltsbeihilfe f\u00fcr die Referendare um knapp 20 Prozent angehoben. Konkret steigt die Beihilfe von jetzt 950 Euro auf 1.125 Euro. &#8222;Das ist ein \u00e4u\u00dferst wichtiger Punkt im Ma\u00dfnahmenkatalog, den das Justizministerium zusammen mit dem Oberlandesgericht erarbeitet hat, damit sich k\u00fcnftig mehr junge Juristen dazu entscheiden, sich hier in Mecklenburg-Vorpommern auf ihr Zweites Juristisches Staatsexamen vorzubereiten\u201c, sagte Justizministerin Kuder.<\/p>\n<p style=\"border:1px solid; padding: 5px; margin: 2px 0px 10px 0px; line-height: 150%\">\n\t\t\t\tDie RefNews sind das Blog von Juristenkoffer.de - einem der ersten und mit weit mehr als 35.000 zufriedenen Kunden einem der gr\u00f6\u00dften Vermieter von Kommentaren in Deutschland. Bist Du bereits Rechtsreferendar, hast Dir aber noch keinen Juristenkoffer reserviert? Dann informiere Dich jetzt \u00fcber unser Angebot und <a href=\"https:\/\/www.juristenkoffer.de\/angebot.php?rel=textartikelrefnews\" target=\"_blank\">sichere Dir schnell Deine Examenskommentare<\/a>!\n\t\t\t\t<\/p>\n<p>Dar\u00fcber hinaus soll laut Justizministerium auch die Qualit\u00e4t des Referendariats verbessert werden. Es gilt das Motto &#8222;klein, aber fein&#8220;, was\u00a0das Referendariat und die Examensvorbereitung in kleinen Gruppen herausstellen soll.<\/p>\n<p>Alle weiteren Infos zum Referendariat in MV findest Du auf unseren <a href=\"https:\/\/www.juristenkoffer.de\/rechtsreferendariat\/\" target=\"_blank\">Infoseiten zum Rechtsreferendariat<\/a>!<\/p>\n","protected":false},"excerpt":{"rendered":"<p>In den vergangenen Einstellungsterminen gab es nur wenige Referendare, die sich entschieden haben, ihren juristischen Vorbereitungsdienst in Mecklenburg-Vorpommern zu machen. Gr\u00fcnde hierf\u00fcr sind m\u00f6glicherweise das vergleichsweise schlechte Gehalt, die \u00fcberschaubaren Ergebnisse im 2. Examen sowie der Umstand, dass es sich bei Mecklenburg-Vorpommern um einen Fl\u00e4chenland handelt, die Referendare also ggf. weite Entfernungen in Kauf nehmen [&hellip;]<\/p>\n","protected":false},"author":2,"featured_media":0,"comment_status":"open","ping_status":"open","sticky":false,"template":"","format":"standard","meta":{"footnotes":""},"categories":[1,17],"tags":[],"class_list":["post-10921","post","type-post","status-publish","format-standard","hentry","category-allgemein","category-mecklenburg-vorpommern"],"_links":{"self":[{"href":"https:\/\/www.juristenkoffer.de\/refblog\/wp-json\/wp\/v2\/posts\/10921","targetHints":{"allow":["GET"]}}],"collection":[{"href":"https:\/\/www.juristenkoffer.de\/refblog\/wp-json\/wp\/v2\/posts"}],"about":[{"href":"https:\/\/www.juristenkoffer.de\/refblog\/wp-json\/wp\/v2\/types\/post"}],"author":[{"embeddable":true,"href":"https:\/\/www.juristenkoffer.de\/refblog\/wp-json\/wp\/v2\/users\/2"}],"replies":[{"embeddable":true,"href":"https:\/\/www.juristenkoffer.de\/refblog\/wp-json\/wp\/v2\/comments?post=10921"}],"version-history":[{"count":1,"href":"https:\/\/www.juristenkoffer.de\/refblog\/wp-json\/wp\/v2\/posts\/10921\/revisions"}],"predecessor-version":[{"id":10923,"href":"https:\/\/www.juristenkoffer.de\/refblog\/wp-json\/wp\/v2\/posts\/10921\/revisions\/10923"}],"wp:attachment":[{"href":"https:\/\/www.juristenkoffer.de\/refblog\/wp-json\/wp\/v2\/media?parent=10921"}],"wp:term":[{"taxonomy":"category","embeddable":true,"href":"https:\/\/www.juristenkoffer.de\/refblog\/wp-json\/wp\/v2\/categories?post=10921"},{"taxonomy":"post_tag","embeddable":true,"href":"https:\/\/www.juristenkoffer.de\/refblog\/wp-json\/wp\/v2\/tags?post=10921"}],"curies":[{"name":"wp","href":"https:\/\/api.w.org\/{rel}","templated":true}]}}