{"id":10893,"date":"2016-08-01T10:50:28","date_gmt":"2016-08-01T08:50:28","guid":{"rendered":"http:\/\/www.juristenkoffer.de\/refblog\/?p=10893"},"modified":"2016-08-01T11:13:42","modified_gmt":"2016-08-01T09:13:42","slug":"gpa-klausurtermine-im-dezember-verschieben-sich","status":"publish","type":"post","link":"https:\/\/www.juristenkoffer.de\/refblog\/hamburg\/gpa-klausurtermine-im-dezember-verschieben-sich\/","title":{"rendered":"GPA: Klausurtermine im Dezember verschieben sich"},"content":{"rendered":"<p><img loading=\"lazy\" decoding=\"async\" class=\"alignleft size-full wp-image-7108\" src=\"https:\/\/www.juristenkoffer.de\/refblog\/wp-content\/uploads\/2013\/01\/ubobol.jpg\" alt=\"\" width=\"150\" height=\"150\" \/>Normalerweise werden die Klausurtermine im 2. Examen weit mehr als ein Jahr im Voraus festgelegt &#8211; und anschlie\u00dfend auch nicht mehr ge\u00e4ndert. So besteht Planungssicherheit f\u00fcr alle Referendare, die sich fr\u00fchzeitig auf den Termin der ersten Klausur einstellen k\u00f6nnen. Dies ist sicherlich f\u00fcr eine zeitgenaue Planung der Examensvorbereitung hilfreich.<\/p>\n<p>Das GPA hat nun f\u00fcr die L\u00e4nder Bremen, Hamburg und Schleswig-Holstein aber die Klausurtermine f\u00fcr den Dezember-Durchgang \u00e4ndern m\u00fcssen. Die ersten Klausuren werden um gut 1 Woche vorgezogen, sodass das Examen f\u00fcr die Referendare, die im Dezember 2016 das Examen schreiben, bereits Ende November beginnt.<!--more--> Grund hierf\u00fcr ist eine OSZE-Konferenz, die am 08. und 09. Dezember in Hamburg stattfindet. Laut <a href=\"http:\/\/www.bild.de\/regional\/hamburg\/osze\/7500-polizisten-sichern-minister-gipfel-45282116.bild.html\" target=\"_blank\">Bild online<\/a> werden zu dieser Konferenz 57 Au\u00dfenminister erwartet; zudem kommen ca. 1.300 Diplomaten in die Stadt; abgesichert wird die Konferenz von 7.500 Polizisten!<\/p>\n<p>Bei dieser Gr\u00f6\u00dfe verwundert es nicht, dass laut <a href=\"http:\/\/justiz.hamburg.de\/contentblob\/6612604\/4abdbe1deebeca15dbd2b5135e1eb359\/data\/gpa-klausuren-dezember-2016.pdf\" target=\"_blank\">Schreiben des GPA<\/a> &#8222;aufgrund der zurzeit geplanten Sicherheitsma\u00dfnahmen zu bef\u00fcrchten steht, dass der Zugang zum GPA in der Woche ab 5. Dezember 2016 massiv erschwert bzw. zum Teil nicht m\u00f6glich sein wird&#8220;. Daher hat man sich entschieden, einen Teil des Examens vorzuziehen. Die neuen Klausurtermine lauten nun:<\/p>\n<p>Donnerstag, 24.11. \/\/ Freitag, 25.11. \/\/ Montag, 28.11. \/\/ Dienstag, 29.11. \/\/ Donnerstag, 01.12. \/\/ Freitag, 02.12. \/\/ Montag, 12.12. \/\/ Dienstag, 13.12<\/p>\n<p>Im Forum zur letzten Instanz ist hierzu die Frage aufgetaucht, ob sich denn nun auch die Klausurreihenfolge \u00e4ndert. Nachdem anf\u00e4nglich hierzu noch keine Aussage seitens des GPA getroffen wurde, hat das Pr\u00fcfungsamt nun die <a href=\"http:\/\/justiz.hamburg.de\/contentblob\/4543194\/645575f44a8528a86e8394c0aa306f43\/data\/klausurtermine-2016.pdf\" target=\"_blank\">\u00dcbersicht zu den Klausurterminen<\/a> angepasst: Daraus ergibt sich, dass nach den ersten beiden Zivilrechtsklausuren nun &#8211; abweichend vom urspr\u00fcnglichen Plan &#8211; die zwei Strafrechtsklausuren eingeschoben werden; erst anschlie\u00dfend werden die beiden weiteren Zivilrechtsklausuren geschrieben.<\/p>\n<p>Alle betroffenen Referendare, die ihre Kommentare bei uns unter www.juristenkoffer.de bestellt haben, erhalten ihre B\u00fccher nat\u00fcrlich nun fr\u00fcher und rechtzeitig zum Beginn der ersten Klausur Ende November!<\/p>\n<p style=\"border:1px solid; padding: 5px; margin: 2px 0px 10px 0px; line-height: 150%\">\n\t\t\t\tDie RefNews sind das Blog von Juristenkoffer.de - einem der ersten und mit weit mehr als 35.000 zufriedenen Kunden einem der gr\u00f6\u00dften Vermieter von Kommentaren in Deutschland. Bist Du bereits Rechtsreferendar, hast Dir aber noch keinen Juristenkoffer reserviert? Dann informiere Dich jetzt \u00fcber unser Angebot und <a href=\"https:\/\/www.juristenkoffer.de\/angebot.php?rel=textartikelrefnews\" target=\"_blank\">sichere Dir schnell Deine Examenskommentare<\/a>!\n\t\t\t\t<\/p>\n","protected":false},"excerpt":{"rendered":"<p>Normalerweise werden die Klausurtermine im 2. Examen weit mehr als ein Jahr im Voraus festgelegt &#8211; und anschlie\u00dfend auch nicht mehr ge\u00e4ndert. So besteht Planungssicherheit f\u00fcr alle Referendare, die sich fr\u00fchzeitig auf den Termin der ersten Klausur einstellen k\u00f6nnen. Dies ist sicherlich f\u00fcr eine zeitgenaue Planung der Examensvorbereitung hilfreich. Das GPA hat nun f\u00fcr die [&hellip;]<\/p>\n","protected":false},"author":2,"featured_media":0,"comment_status":"open","ping_status":"open","sticky":false,"template":"","format":"standard","meta":{"footnotes":""},"categories":[44,16,45,51],"tags":[],"class_list":["post-10893","post","type-post","status-publish","format-standard","hentry","category-bremen","category-hamburg","category-schleswig-holstein","category-examen"],"_links":{"self":[{"href":"https:\/\/www.juristenkoffer.de\/refblog\/wp-json\/wp\/v2\/posts\/10893","targetHints":{"allow":["GET"]}}],"collection":[{"href":"https:\/\/www.juristenkoffer.de\/refblog\/wp-json\/wp\/v2\/posts"}],"about":[{"href":"https:\/\/www.juristenkoffer.de\/refblog\/wp-json\/wp\/v2\/types\/post"}],"author":[{"embeddable":true,"href":"https:\/\/www.juristenkoffer.de\/refblog\/wp-json\/wp\/v2\/users\/2"}],"replies":[{"embeddable":true,"href":"https:\/\/www.juristenkoffer.de\/refblog\/wp-json\/wp\/v2\/comments?post=10893"}],"version-history":[{"count":3,"href":"https:\/\/www.juristenkoffer.de\/refblog\/wp-json\/wp\/v2\/posts\/10893\/revisions"}],"predecessor-version":[{"id":10896,"href":"https:\/\/www.juristenkoffer.de\/refblog\/wp-json\/wp\/v2\/posts\/10893\/revisions\/10896"}],"wp:attachment":[{"href":"https:\/\/www.juristenkoffer.de\/refblog\/wp-json\/wp\/v2\/media?parent=10893"}],"wp:term":[{"taxonomy":"category","embeddable":true,"href":"https:\/\/www.juristenkoffer.de\/refblog\/wp-json\/wp\/v2\/categories?post=10893"},{"taxonomy":"post_tag","embeddable":true,"href":"https:\/\/www.juristenkoffer.de\/refblog\/wp-json\/wp\/v2\/tags?post=10893"}],"curies":[{"name":"wp","href":"https:\/\/api.w.org\/{rel}","templated":true}]}}