{"id":10758,"date":"2016-05-23T13:16:50","date_gmt":"2016-05-23T11:16:50","guid":{"rendered":"http:\/\/www.juristenkoffer.de\/refblog\/?p=10758"},"modified":"2016-05-23T13:21:53","modified_gmt":"2016-05-23T11:21:53","slug":"die-clavisto-talent-kueche-in-frankfurt","status":"publish","type":"post","link":"https:\/\/www.juristenkoffer.de\/refblog\/allgemein\/die-clavisto-talent-kueche-in-frankfurt\/","title":{"rendered":"Die clavisto Talent-K\u00fcche in Frankfurt"},"content":{"rendered":"<p><img loading=\"lazy\" decoding=\"async\" class=\"alignleft size-full wp-image-10765\" src=\"https:\/\/www.juristenkoffer.de\/refblog\/wp-content\/uploads\/2016\/05\/clavisto-1.jpg\" alt=\"clavisto\" width=\"150\" height=\"150\" srcset=\"https:\/\/www.juristenkoffer.de\/refblog\/wp-content\/uploads\/2016\/05\/clavisto-1.jpg 150w, https:\/\/www.juristenkoffer.de\/refblog\/wp-content\/uploads\/2016\/05\/clavisto-1-140x140.jpg 140w\" sizes=\"auto, (max-width: 150px) 100vw, 150px\" \/>Du bist erfolgshungrig und suchst eine interessante Position in einer f\u00fchrenden Wirtschaftskanzlei? Dann folge Deinem Bauchgef\u00fchl und bewirb Dich f\u00fcr das\u00a0exklusive Koch- und Karriere-Event von clavisto!<\/p>\n<p>Die clavisto Talent-K\u00fcche findet am 09.06.2016 in Frankfurt statt. An\u00a0nur einem Abend lernst Du neun Top-Kanzleien kennen. Angeleitet von Profi-K\u00f6chen zauberst Du gemeinsam mit Anw\u00e4lten unserer Partnerkanzleien ein tolles Men\u00fc. Ganz nebenbei erf\u00e4hrst Du beim Kochen und anschlie\u00dfenden Abendessen mehr \u00fcber den Karriereeinstieg in einer Kanzlei und kn\u00fcpfst interessante Kontakte. Das ideale Rezept f\u00fcr Deine Karriere!<\/p>\n<p>Alle weiteren Infos findest Du auf der <a href=\"https:\/\/www.clavisto.de\/events\/clavisto\/clavisto-talent-kueche-frankfurt-2016\/\" target=\"_blank\">Seite von clavisto<\/a>!<\/p>\n","protected":false},"excerpt":{"rendered":"<p>Du bist erfolgshungrig und suchst eine interessante Position in einer f\u00fchrenden Wirtschaftskanzlei? Dann folge Deinem Bauchgef\u00fchl und bewirb Dich f\u00fcr das\u00a0exklusive Koch- und Karriere-Event von clavisto! Die clavisto Talent-K\u00fcche findet am 09.06.2016 in Frankfurt statt. An\u00a0nur einem Abend lernst Du neun Top-Kanzleien kennen. Angeleitet von Profi-K\u00f6chen zauberst Du gemeinsam mit Anw\u00e4lten unserer Partnerkanzleien ein tolles [&hellip;]<\/p>\n","protected":false},"author":2,"featured_media":0,"comment_status":"open","ping_status":"open","sticky":false,"template":"","format":"standard","meta":{"footnotes":""},"categories":[1,948],"tags":[],"class_list":["post-10758","post","type-post","status-publish","format-standard","hentry","category-allgemein","category-stationsangebote-veranstaltungen"],"_links":{"self":[{"href":"https:\/\/www.juristenkoffer.de\/refblog\/wp-json\/wp\/v2\/posts\/10758","targetHints":{"allow":["GET"]}}],"collection":[{"href":"https:\/\/www.juristenkoffer.de\/refblog\/wp-json\/wp\/v2\/posts"}],"about":[{"href":"https:\/\/www.juristenkoffer.de\/refblog\/wp-json\/wp\/v2\/types\/post"}],"author":[{"embeddable":true,"href":"https:\/\/www.juristenkoffer.de\/refblog\/wp-json\/wp\/v2\/users\/2"}],"replies":[{"embeddable":true,"href":"https:\/\/www.juristenkoffer.de\/refblog\/wp-json\/wp\/v2\/comments?post=10758"}],"version-history":[{"count":6,"href":"https:\/\/www.juristenkoffer.de\/refblog\/wp-json\/wp\/v2\/posts\/10758\/revisions"}],"predecessor-version":[{"id":10766,"href":"https:\/\/www.juristenkoffer.de\/refblog\/wp-json\/wp\/v2\/posts\/10758\/revisions\/10766"}],"wp:attachment":[{"href":"https:\/\/www.juristenkoffer.de\/refblog\/wp-json\/wp\/v2\/media?parent=10758"}],"wp:term":[{"taxonomy":"category","embeddable":true,"href":"https:\/\/www.juristenkoffer.de\/refblog\/wp-json\/wp\/v2\/categories?post=10758"},{"taxonomy":"post_tag","embeddable":true,"href":"https:\/\/www.juristenkoffer.de\/refblog\/wp-json\/wp\/v2\/tags?post=10758"}],"curies":[{"name":"wp","href":"https:\/\/api.w.org\/{rel}","templated":true}]}}