{"id":10626,"date":"2016-06-02T07:21:45","date_gmt":"2016-06-02T05:21:45","guid":{"rendered":"http:\/\/www.juristenkoffer.de\/refblog\/?p=10626"},"modified":"2016-06-02T09:16:34","modified_gmt":"2016-06-02T07:16:34","slug":"mehr-gehalt-fuer-bremer-referendare-2","status":"publish","type":"post","link":"https:\/\/www.juristenkoffer.de\/refblog\/allgemein\/mehr-gehalt-fuer-bremer-referendare-2\/","title":{"rendered":"Mehr Gehalt f\u00fcr Bremer Referendare"},"content":{"rendered":"<p><img loading=\"lazy\" decoding=\"async\" class=\"alignleft size-thumbnail wp-image-7392\" src=\"https:\/\/www.juristenkoffer.de\/refblog\/wp-content\/uploads\/2013\/03\/MH9004221762-150x150.jpg\" alt=\"\" width=\"150\" height=\"150\" \/>Gute Nachrichten gibt es f\u00fcr alle Referendare, die im Bremen ihren juristischen Vorbereitungsdienst machen: Dort steigt demn\u00e4chst die Unterhaltsbeihilfe von derzeit 1133,61 Euro auf nunmehr 1163,61 Euro!<\/p>\n<p>Die \u00c4nderung des Gehalts tritt ab dem 01.07.2016 in Kraft. Unsere Infoseiten zum <a href=\"https:\/\/www.juristenkoffer.de\/rechtsreferendariat\/bremen\/\">Rechtsreferendariat in Bremen<\/a> haben wir genauso angepasst wie die \u00dcbersicht zu den <a href=\"https:\/\/www.juristenkoffer.de\/rechtsreferendariat\/unterhaltsbeihilfe\/\">Unterhaltsbeihilfen f\u00fcr Referendare<\/a> in allen L\u00e4ndern.<\/p>\n","protected":false},"excerpt":{"rendered":"<p>Gute Nachrichten gibt es f\u00fcr alle Referendare, die im Bremen ihren juristischen Vorbereitungsdienst machen: Dort steigt demn\u00e4chst die Unterhaltsbeihilfe von derzeit 1133,61 Euro auf nunmehr 1163,61 Euro! Die \u00c4nderung des Gehalts tritt ab dem 01.07.2016 in Kraft. Unsere Infoseiten zum Rechtsreferendariat in Bremen haben wir genauso angepasst wie die \u00dcbersicht zu den Unterhaltsbeihilfen f\u00fcr Referendare [&hellip;]<\/p>\n","protected":false},"author":2,"featured_media":0,"comment_status":"open","ping_status":"open","sticky":false,"template":"","format":"standard","meta":{"footnotes":""},"categories":[1,44],"tags":[],"class_list":["post-10626","post","type-post","status-publish","format-standard","hentry","category-allgemein","category-bremen"],"_links":{"self":[{"href":"https:\/\/www.juristenkoffer.de\/refblog\/wp-json\/wp\/v2\/posts\/10626","targetHints":{"allow":["GET"]}}],"collection":[{"href":"https:\/\/www.juristenkoffer.de\/refblog\/wp-json\/wp\/v2\/posts"}],"about":[{"href":"https:\/\/www.juristenkoffer.de\/refblog\/wp-json\/wp\/v2\/types\/post"}],"author":[{"embeddable":true,"href":"https:\/\/www.juristenkoffer.de\/refblog\/wp-json\/wp\/v2\/users\/2"}],"replies":[{"embeddable":true,"href":"https:\/\/www.juristenkoffer.de\/refblog\/wp-json\/wp\/v2\/comments?post=10626"}],"version-history":[{"count":2,"href":"https:\/\/www.juristenkoffer.de\/refblog\/wp-json\/wp\/v2\/posts\/10626\/revisions"}],"predecessor-version":[{"id":10628,"href":"https:\/\/www.juristenkoffer.de\/refblog\/wp-json\/wp\/v2\/posts\/10626\/revisions\/10628"}],"wp:attachment":[{"href":"https:\/\/www.juristenkoffer.de\/refblog\/wp-json\/wp\/v2\/media?parent=10626"}],"wp:term":[{"taxonomy":"category","embeddable":true,"href":"https:\/\/www.juristenkoffer.de\/refblog\/wp-json\/wp\/v2\/categories?post=10626"},{"taxonomy":"post_tag","embeddable":true,"href":"https:\/\/www.juristenkoffer.de\/refblog\/wp-json\/wp\/v2\/tags?post=10626"}],"curies":[{"name":"wp","href":"https:\/\/api.w.org\/{rel}","templated":true}]}}