{"id":10366,"date":"2015-12-04T11:26:10","date_gmt":"2015-12-04T09:26:10","guid":{"rendered":"http:\/\/www.juristenkoffer.de\/refblog\/?p=10366"},"modified":"2015-12-04T11:26:10","modified_gmt":"2015-12-04T09:26:10","slug":"als-jurist-zum-bundesamt-fuer-verfassungsschutz","status":"publish","type":"post","link":"https:\/\/www.juristenkoffer.de\/refblog\/nach-dem-referendariat\/als-jurist-zum-bundesamt-fuer-verfassungsschutz\/","title":{"rendered":"Als Jurist zum Bundesamt f\u00fcr Verfassungsschutz"},"content":{"rendered":"<p><img loading=\"lazy\" decoding=\"async\" class=\"alignleft size-full wp-image-10367\" src=\"https:\/\/www.juristenkoffer.de\/refblog\/wp-content\/uploads\/2015\/12\/1658-logo-bfv-de.gif\" alt=\"\" width=\"150\" height=\"150\" \/>Die aktuellen politischen Entwicklungen f\u00fchren dazu, dass in manchen Bereichen vermehrt Juristen gesucht werden. So werden zum Beispiel aufgrund der Fl\u00fcchtlingskrise mehr Richter eingestellt. Und (auch) wegen der Zunahme von\u00a0Extremismus und Terrorismus sucht das\u00a0Bundesamt f\u00fcr Verfassungsschutz gemeinsam mit dem Bundesministerium des Innern Volljuristen als Nachwuchsf\u00fchrungskr\u00e4fte.<\/p>\n<p>Wir erhielten folgenden Ausschreibungstext, den wir euch nicht vorenthalten m\u00f6chten (Wichtig: Die Bewerbungsfrist endet bereits am 10.12.2015!):<!--more--><\/p>\n<div dir=\"ltr\">\n<div>\n<blockquote>\n<div>Das Bundesamt f\u00fcr Verfassungsschutz bietet Volljuristinnen und Volljuristen einzigartige und sicherlich au\u00dfergew\u00f6hnliche Aufgaben. Im Inlandsnachrichtendienst der Bundesrepublik Deutschland steht die Bearbeitung von Sachverhalten mit Extremismus- und Terrorismusbezug im Vordergrund, aber auch daten- und verfassungsschutzrechtliche Angelegenheiten sind zu bearbeiten. Das Bundesamt f\u00fcr Verfassungsschutz stellt Volljuristinnen und Volljuristen als Nachwuchsf\u00fchrungskr\u00e4fte ein. Nach einem knapp dreij\u00e4hrigen Traineeprogramm steht daher neben fachlichen Aufgaben bereits die erste \u00dcbernahme von F\u00fchrungs- und Personalverantwortung an. Das Bundesamt f\u00fcr Verfassungsschutz hat Standorte in K\u00f6ln und Berlin. Geeignete Bewerber\/innen werden in ein unbefristetes Beamtenverh\u00e4ltnis im h\u00f6heren Dienst eingestellt und zur Regierungsr\u00e4tin bzw. zum Regierungsrat ernannt. Die Bewerbungsfrist endet am 10. Dezember 2015.<\/div>\n<\/blockquote>\n<div>Die Bewerbungsvoraussetzungen k\u00f6nnen der offiziellen Stellenausschreibung entnommen werden, die auf der <a href=\"https:\/\/www.verfassungsschutz.de\/de\/das-bfv\/karriere\/stellenangebote\/sta-20151119-vj-2016-01.job\" target=\"_blank\">Seite des BfV<\/a> abrufbar ist.<\/div>\n<\/div>\n<\/div>\n","protected":false},"excerpt":{"rendered":"<p>Die aktuellen politischen Entwicklungen f\u00fchren dazu, dass in manchen Bereichen vermehrt Juristen gesucht werden. So werden zum Beispiel aufgrund der Fl\u00fcchtlingskrise mehr Richter eingestellt. Und (auch) wegen der Zunahme von\u00a0Extremismus und Terrorismus sucht das\u00a0Bundesamt f\u00fcr Verfassungsschutz gemeinsam mit dem Bundesministerium des Innern Volljuristen als Nachwuchsf\u00fchrungskr\u00e4fte. Wir erhielten folgenden Ausschreibungstext, den wir euch nicht vorenthalten m\u00f6chten [&hellip;]<\/p>\n","protected":false},"author":2,"featured_media":0,"comment_status":"open","ping_status":"open","sticky":false,"template":"","format":"standard","meta":{"footnotes":""},"categories":[49],"tags":[],"class_list":["post-10366","post","type-post","status-publish","format-standard","hentry","category-nach-dem-referendariat"],"_links":{"self":[{"href":"https:\/\/www.juristenkoffer.de\/refblog\/wp-json\/wp\/v2\/posts\/10366","targetHints":{"allow":["GET"]}}],"collection":[{"href":"https:\/\/www.juristenkoffer.de\/refblog\/wp-json\/wp\/v2\/posts"}],"about":[{"href":"https:\/\/www.juristenkoffer.de\/refblog\/wp-json\/wp\/v2\/types\/post"}],"author":[{"embeddable":true,"href":"https:\/\/www.juristenkoffer.de\/refblog\/wp-json\/wp\/v2\/users\/2"}],"replies":[{"embeddable":true,"href":"https:\/\/www.juristenkoffer.de\/refblog\/wp-json\/wp\/v2\/comments?post=10366"}],"version-history":[{"count":1,"href":"https:\/\/www.juristenkoffer.de\/refblog\/wp-json\/wp\/v2\/posts\/10366\/revisions"}],"predecessor-version":[{"id":10368,"href":"https:\/\/www.juristenkoffer.de\/refblog\/wp-json\/wp\/v2\/posts\/10366\/revisions\/10368"}],"wp:attachment":[{"href":"https:\/\/www.juristenkoffer.de\/refblog\/wp-json\/wp\/v2\/media?parent=10366"}],"wp:term":[{"taxonomy":"category","embeddable":true,"href":"https:\/\/www.juristenkoffer.de\/refblog\/wp-json\/wp\/v2\/categories?post=10366"},{"taxonomy":"post_tag","embeddable":true,"href":"https:\/\/www.juristenkoffer.de\/refblog\/wp-json\/wp\/v2\/tags?post=10366"}],"curies":[{"name":"wp","href":"https:\/\/api.w.org\/{rel}","templated":true}]}}