{"id":10363,"date":"2015-12-02T17:41:25","date_gmt":"2015-12-02T15:41:25","guid":{"rendered":"http:\/\/www.juristenkoffer.de\/refblog\/?p=10363"},"modified":"2015-12-02T17:41:25","modified_gmt":"2015-12-02T15:41:25","slug":"restplaetze-im-januar-und-februar-2016-in-nrw","status":"publish","type":"post","link":"https:\/\/www.juristenkoffer.de\/refblog\/vor-dem-referendariat\/restplaetze-im-januar-und-februar-2016-in-nrw\/","title":{"rendered":"Restpl\u00e4tze im Januar und Februar 2016 in NRW"},"content":{"rendered":"<p><img loading=\"lazy\" decoding=\"async\" class=\"alignleft size-thumbnail wp-image-9073\" src=\"https:\/\/www.juristenkoffer.de\/refblog\/wp-content\/uploads\/2014\/05\/acdew22-150x150.jpg\" alt=\"\" width=\"150\" height=\"150\" \/>Die drei Oberlandesgerichte in NRW ver\u00f6ffentlichen auf ihrer Internetseite regelm\u00e4\u00dfig &#8222;Restpl\u00e4tze&#8220;, das hei\u00dft freie Stellen f\u00fcr Rechtsreferendare, die nicht angenommen oder aus einem anderen Grund unbesetzt blieben. Nimmt man einen dieser Restpl\u00e4tze an, kann man kurzfristig mit dem Referendariat beginnen, ohne eine Wartezeit in Kauf nehmen zu m\u00fcssen.<\/p>\n<p>Aktuell bietet das OLG Hamm gleich f\u00fcr drei Landgerichte Restpl\u00e4tze an.<!--more--><\/p>\n<blockquote><p><strong>Landgericht Detmold<\/strong><\/p>\n<p>F\u00fcr eine Einstellung bei dem Landgericht Detmold zum 01. Januar 2016 k\u00f6nnen Sie sich auch dann bewerben, wenn Sie die erste Pr\u00fcfung erst nach Ablauf der Bewerbungsfrist ablegen.<\/p>\n<p>Das Pr\u00fcfungsverfahren sollte allerdings bis Mitte Dezember 2015 abgeschlossen sein.<\/p>\n<p><strong>Landgericht Paderborn<\/strong><\/p>\n<p>F\u00fcr eine Einstellung bei dem Landgericht Paderborn zum 01. Februar 2016 k\u00f6nnen Sie sich auch dann bewerben, wenn Sie die erste Pr\u00fcfung erst nach Ablauf der Bewerbungsfrist ablegen.<\/p>\n<p>Das Pr\u00fcfungsverfahren sollte allerdings bis Mitte Januar 2016 abgeschlossen sein.<\/p>\n<p><strong>Landgerichte Dortmund und Essen<\/strong><\/p>\n<p>Zum 01. Februar 2016 stehen bei den Landgerichten Dortmund und Essen noch einige Restpl\u00e4tze zur Verf\u00fcgung.<\/p><\/blockquote>\n<p>Bei Interesse kann man sich einfach\u00a0mit der Referendarabteilung des Oberlandesgerichts Hamm unter der Rufnummer 02381\/ 272- 4314 (Herr Rolfes) oder -4312 (Frau Dittmar) in Verbindung setzen. Mit etwas Gl\u00fcck startet man dann Anfang n\u00e4chsten Jahres bereits mit dem juristischen Vorbereitungsdienst!<\/p>\n","protected":false},"excerpt":{"rendered":"<p>Die drei Oberlandesgerichte in NRW ver\u00f6ffentlichen auf ihrer Internetseite regelm\u00e4\u00dfig &#8222;Restpl\u00e4tze&#8220;, das hei\u00dft freie Stellen f\u00fcr Rechtsreferendare, die nicht angenommen oder aus einem anderen Grund unbesetzt blieben. Nimmt man einen dieser Restpl\u00e4tze an, kann man kurzfristig mit dem Referendariat beginnen, ohne eine Wartezeit in Kauf nehmen zu m\u00fcssen. Aktuell bietet das OLG Hamm gleich f\u00fcr [&hellip;]<\/p>\n","protected":false},"author":2,"featured_media":0,"comment_status":"open","ping_status":"open","sticky":false,"template":"","format":"standard","meta":{"footnotes":""},"categories":[41,6],"tags":[],"class_list":["post-10363","post","type-post","status-publish","format-standard","hentry","category-nrw","category-vor-dem-referendariat"],"_links":{"self":[{"href":"https:\/\/www.juristenkoffer.de\/refblog\/wp-json\/wp\/v2\/posts\/10363","targetHints":{"allow":["GET"]}}],"collection":[{"href":"https:\/\/www.juristenkoffer.de\/refblog\/wp-json\/wp\/v2\/posts"}],"about":[{"href":"https:\/\/www.juristenkoffer.de\/refblog\/wp-json\/wp\/v2\/types\/post"}],"author":[{"embeddable":true,"href":"https:\/\/www.juristenkoffer.de\/refblog\/wp-json\/wp\/v2\/users\/2"}],"replies":[{"embeddable":true,"href":"https:\/\/www.juristenkoffer.de\/refblog\/wp-json\/wp\/v2\/comments?post=10363"}],"version-history":[{"count":1,"href":"https:\/\/www.juristenkoffer.de\/refblog\/wp-json\/wp\/v2\/posts\/10363\/revisions"}],"predecessor-version":[{"id":10364,"href":"https:\/\/www.juristenkoffer.de\/refblog\/wp-json\/wp\/v2\/posts\/10363\/revisions\/10364"}],"wp:attachment":[{"href":"https:\/\/www.juristenkoffer.de\/refblog\/wp-json\/wp\/v2\/media?parent=10363"}],"wp:term":[{"taxonomy":"category","embeddable":true,"href":"https:\/\/www.juristenkoffer.de\/refblog\/wp-json\/wp\/v2\/categories?post=10363"},{"taxonomy":"post_tag","embeddable":true,"href":"https:\/\/www.juristenkoffer.de\/refblog\/wp-json\/wp\/v2\/tags?post=10363"}],"curies":[{"name":"wp","href":"https:\/\/api.w.org\/{rel}","templated":true}]}}