{"id":10358,"date":"2015-11-26T17:50:34","date_gmt":"2015-11-26T15:50:34","guid":{"rendered":"http:\/\/www.juristenkoffer.de\/refblog\/?p=10358"},"modified":"2015-11-26T17:50:34","modified_gmt":"2015-11-26T15:50:34","slug":"examenstermin-juni-2016","status":"publish","type":"post","link":"https:\/\/www.juristenkoffer.de\/refblog\/klausuren-examen\/examenstermin-juni-2016\/","title":{"rendered":"Examenstermin Juni 2016"},"content":{"rendered":"<p>Alle, die sich \u00fcber die Klausuren im 2. Examen im Juni 2016 austauschen m\u00f6chten, k\u00f6nnen dies im Forum \u201cZur letzten Instanz\u201d machen:<\/p>\n<p><a href=\"http:\/\/www.forum-zur-letzten-instanz.de\/showthread.php?tid=228\">http:\/\/www.forum-zur-letzten-instanz.de\/showthread.php?tid=228<\/a><\/p>\n","protected":false},"excerpt":{"rendered":"<p>Alle, die sich \u00fcber die Klausuren im 2. Examen im Juni 2016 austauschen m\u00f6chten, k\u00f6nnen dies im Forum \u201cZur letzten Instanz\u201d machen: http:\/\/www.forum-zur-letzten-instanz.de\/showthread.php?tid=228<\/p>\n","protected":false},"author":2,"featured_media":0,"comment_status":"open","ping_status":"open","sticky":false,"template":"","format":"standard","meta":{"footnotes":""},"categories":[69],"tags":[],"class_list":["post-10358","post","type-post","status-publish","format-standard","hentry","category-klausuren-examen"],"_links":{"self":[{"href":"https:\/\/www.juristenkoffer.de\/refblog\/wp-json\/wp\/v2\/posts\/10358","targetHints":{"allow":["GET"]}}],"collection":[{"href":"https:\/\/www.juristenkoffer.de\/refblog\/wp-json\/wp\/v2\/posts"}],"about":[{"href":"https:\/\/www.juristenkoffer.de\/refblog\/wp-json\/wp\/v2\/types\/post"}],"author":[{"embeddable":true,"href":"https:\/\/www.juristenkoffer.de\/refblog\/wp-json\/wp\/v2\/users\/2"}],"replies":[{"embeddable":true,"href":"https:\/\/www.juristenkoffer.de\/refblog\/wp-json\/wp\/v2\/comments?post=10358"}],"version-history":[{"count":1,"href":"https:\/\/www.juristenkoffer.de\/refblog\/wp-json\/wp\/v2\/posts\/10358\/revisions"}],"predecessor-version":[{"id":10359,"href":"https:\/\/www.juristenkoffer.de\/refblog\/wp-json\/wp\/v2\/posts\/10358\/revisions\/10359"}],"wp:attachment":[{"href":"https:\/\/www.juristenkoffer.de\/refblog\/wp-json\/wp\/v2\/media?parent=10358"}],"wp:term":[{"taxonomy":"category","embeddable":true,"href":"https:\/\/www.juristenkoffer.de\/refblog\/wp-json\/wp\/v2\/categories?post=10358"},{"taxonomy":"post_tag","embeddable":true,"href":"https:\/\/www.juristenkoffer.de\/refblog\/wp-json\/wp\/v2\/tags?post=10358"}],"curies":[{"name":"wp","href":"https:\/\/api.w.org\/{rel}","templated":true}]}}