{"id":10294,"date":"2015-11-17T13:59:35","date_gmt":"2015-11-17T11:59:35","guid":{"rendered":"http:\/\/www.juristenkoffer.de\/refblog\/?p=10294"},"modified":"2015-11-17T14:13:59","modified_gmt":"2015-11-17T12:13:59","slug":"muss-die-v2-klausur-in-hessen-erneut-geschrieben-werden","status":"publish","type":"post","link":"https:\/\/www.juristenkoffer.de\/refblog\/examen\/muss-die-v2-klausur-in-hessen-erneut-geschrieben-werden\/","title":{"rendered":"Muss die V2-Klausur in Hessen erneut geschrieben werden?"},"content":{"rendered":"<p><img loading=\"lazy\" decoding=\"async\" class=\"alignleft size-thumbnail wp-image-7239\" src=\"https:\/\/www.juristenkoffer.de\/refblog\/wp-content\/uploads\/2013\/02\/MP900411704-150x150.jpg\" alt=\"\" width=\"150\" height=\"150\" \/>Zu einer eklatanten Ungleichbehandlung ist es diesen Monat offenbar bei den Klausuren im 2. Examen in Hessen gekommen. Wenn diese beim JPA ger\u00fcgt wird, das bislang wohl noch gar keine Kenntnis von dieser Ungleichbehandlung hat, d\u00fcrfte es zur Folge haben, dass alle Hessen diese Klausur zu einem sp\u00e4teren Zeitpunkt erneut schreiben m\u00fcssen.<\/p>\n<p>Aber jetzt erst einmal zum zugrunde liegenden Sachverhalt. <!--more-->\u00a0Wie sich aus Berichten im Forum &#8222;Zur letzten Instanz&#8220; ergibt, war die zweite Verwaltungsrechtsklausur (auch) mit einem Gesetz zu l\u00f6sen, welches aber gar nicht in der aktuellen Nomos-Ausgabe des hessischen Landesrechts abgedruckt ist.<\/p>\n<p>Das allein ist zwar bereits \u00e4rgerlich, f\u00fchrt aber f\u00fcr sich genommen nicht zu einer Ungleichbehandlung der Referendare, die zeitgleich die Klausur an mehreren Orten schrieben. Wie aber weiter berichtet wird, wurde in manchen Klausurr\u00e4umen im Vorfeld bereits darauf hingewiesen, dass das &#8222;Gesetz \u00fcber Kommunale Gemeinschaftsarbeit&#8220; einschl\u00e4gig ist und gebraucht wird; zum Teil wurden den Kandidaten auch Kopien des Gesetzes auf den Tisch gelegt. In anderen Klausurr\u00e4umen gab es aber weder im Vorfeld einen Hinweis noch Kopien des Gesetzes. Dies beeintr\u00e4chtigt ganz offensichtlich die Chancengleichheit der Kandidaten!<\/p>\n<p>Sofern jemand diesen Fehler r\u00fcgt und sich der Sachverhalt, so wie er <a href=\"http:\/\/www.forum-zur-letzten-instanz.de\/showthread.php?tid=188&amp;page=9\">im Forum geschildert wird<\/a>, als wahr herausstellt, d\u00fcrften die Hessischen Referendare &#8222;in Verl\u00e4ngerung&#8220; gehen und die Klausur nachschreiben m\u00fcssen. Wir werden die Entwicklung abwarten und in den RefNews ggf. berichten, wie es in dieser Sache weiter geht.<\/p>\n","protected":false},"excerpt":{"rendered":"<p>Zu einer eklatanten Ungleichbehandlung ist es diesen Monat offenbar bei den Klausuren im 2. Examen in Hessen gekommen. Wenn diese beim JPA ger\u00fcgt wird, das bislang wohl noch gar keine Kenntnis von dieser Ungleichbehandlung hat, d\u00fcrfte es zur Folge haben, dass alle Hessen diese Klausur zu einem sp\u00e4teren Zeitpunkt erneut schreiben m\u00fcssen. Aber jetzt erst [&hellip;]<\/p>\n","protected":false},"author":2,"featured_media":0,"comment_status":"open","ping_status":"open","sticky":false,"template":"","format":"standard","meta":{"footnotes":""},"categories":[119,51],"tags":[],"class_list":["post-10294","post","type-post","status-publish","format-standard","hentry","category-hessen","category-examen"],"_links":{"self":[{"href":"https:\/\/www.juristenkoffer.de\/refblog\/wp-json\/wp\/v2\/posts\/10294","targetHints":{"allow":["GET"]}}],"collection":[{"href":"https:\/\/www.juristenkoffer.de\/refblog\/wp-json\/wp\/v2\/posts"}],"about":[{"href":"https:\/\/www.juristenkoffer.de\/refblog\/wp-json\/wp\/v2\/types\/post"}],"author":[{"embeddable":true,"href":"https:\/\/www.juristenkoffer.de\/refblog\/wp-json\/wp\/v2\/users\/2"}],"replies":[{"embeddable":true,"href":"https:\/\/www.juristenkoffer.de\/refblog\/wp-json\/wp\/v2\/comments?post=10294"}],"version-history":[{"count":4,"href":"https:\/\/www.juristenkoffer.de\/refblog\/wp-json\/wp\/v2\/posts\/10294\/revisions"}],"predecessor-version":[{"id":10298,"href":"https:\/\/www.juristenkoffer.de\/refblog\/wp-json\/wp\/v2\/posts\/10294\/revisions\/10298"}],"wp:attachment":[{"href":"https:\/\/www.juristenkoffer.de\/refblog\/wp-json\/wp\/v2\/media?parent=10294"}],"wp:term":[{"taxonomy":"category","embeddable":true,"href":"https:\/\/www.juristenkoffer.de\/refblog\/wp-json\/wp\/v2\/categories?post=10294"},{"taxonomy":"post_tag","embeddable":true,"href":"https:\/\/www.juristenkoffer.de\/refblog\/wp-json\/wp\/v2\/tags?post=10294"}],"curies":[{"name":"wp","href":"https:\/\/api.w.org\/{rel}","templated":true}]}}