{"id":10291,"date":"2015-11-16T12:12:19","date_gmt":"2015-11-16T10:12:19","guid":{"rendered":"http:\/\/www.juristenkoffer.de\/refblog\/?p=10291"},"modified":"2016-03-04T19:37:59","modified_gmt":"2016-03-04T17:37:59","slug":"myjobfair-6-fakultaetskarrieretag-in-koeln","status":"publish","type":"post","link":"https:\/\/www.juristenkoffer.de\/refblog\/allgemein\/myjobfair-6-fakultaetskarrieretag-in-koeln\/","title":{"rendered":"myjobfair: 6. Fakult\u00e4tskarrieretag in K\u00f6ln"},"content":{"rendered":"<p><img loading=\"lazy\" decoding=\"async\" class=\"alignleft size-thumbnail wp-image-10292\" src=\"https:\/\/www.juristenkoffer.de\/refblog\/wp-content\/uploads\/2015\/11\/367-150x150.jpg\" alt=\"\" width=\"150\" height=\"150\" srcset=\"https:\/\/www.juristenkoffer.de\/refblog\/wp-content\/uploads\/2015\/11\/367-150x150.jpg 150w, https:\/\/www.juristenkoffer.de\/refblog\/wp-content\/uploads\/2015\/11\/367-300x300.jpg 300w, https:\/\/www.juristenkoffer.de\/refblog\/wp-content\/uploads\/2015\/11\/367.jpg 500w\" sizes=\"auto, (max-width: 150px) 100vw, 150px\" \/>Heute gibt es einen interessanten Veranstaltungshinweis f\u00fcr Rechtsreferendare:\u00a0Am 02. + 03. Dezember 2015 findet der 6. Fakult\u00e4tskarrieretag in K\u00f6ln statt. Rechtsreferendare haben an diesen Tagen die M\u00f6glichkeit, insgesamt 39 Kanzleien und Unternehmen kennenzulernen und mit den Ausstellern zu Themen wie Nebent\u00e4tigkeiten und zuk\u00fcnftige Referendarstellen zu sprechen!<\/p>\n<p>Informiere Dich jetzt \u00fcber diese interessante Veranstaltung auf <a href=\"http:\/\/www.stationsradar.de\/myjobfair-gmbh\/6-fakultaetskarrieretage-rechtswissenschaftliche-fakultaet-universitaet-koeln.php\" target=\"_blank\">Stationsradar.de<\/a> und auf der <a href=\"https:\/\/www.myjobfair.de\/fakultaetskarrieretage\/fakultaetskarrieretage-2015\/02-12-universitaet-zu--koeln--rechtswissenschaftliche-fakultaet\/\" target=\"_blank\">Homepage von myjobfair<\/a>!<\/p>\n","protected":false},"excerpt":{"rendered":"<p>Heute gibt es einen interessanten Veranstaltungshinweis f\u00fcr Rechtsreferendare:\u00a0Am 02. + 03. Dezember 2015 findet der 6. Fakult\u00e4tskarrieretag in K\u00f6ln statt. Rechtsreferendare haben an diesen Tagen die M\u00f6glichkeit, insgesamt 39 Kanzleien und Unternehmen kennenzulernen und mit den Ausstellern zu Themen wie Nebent\u00e4tigkeiten und zuk\u00fcnftige Referendarstellen zu sprechen! Informiere Dich jetzt \u00fcber diese interessante Veranstaltung auf Stationsradar.de [&hellip;]<\/p>\n","protected":false},"author":2,"featured_media":0,"comment_status":"open","ping_status":"open","sticky":false,"template":"","format":"standard","meta":{"footnotes":""},"categories":[1,948],"tags":[],"class_list":["post-10291","post","type-post","status-publish","format-standard","hentry","category-allgemein","category-stationsangebote-veranstaltungen"],"_links":{"self":[{"href":"https:\/\/www.juristenkoffer.de\/refblog\/wp-json\/wp\/v2\/posts\/10291","targetHints":{"allow":["GET"]}}],"collection":[{"href":"https:\/\/www.juristenkoffer.de\/refblog\/wp-json\/wp\/v2\/posts"}],"about":[{"href":"https:\/\/www.juristenkoffer.de\/refblog\/wp-json\/wp\/v2\/types\/post"}],"author":[{"embeddable":true,"href":"https:\/\/www.juristenkoffer.de\/refblog\/wp-json\/wp\/v2\/users\/2"}],"replies":[{"embeddable":true,"href":"https:\/\/www.juristenkoffer.de\/refblog\/wp-json\/wp\/v2\/comments?post=10291"}],"version-history":[{"count":1,"href":"https:\/\/www.juristenkoffer.de\/refblog\/wp-json\/wp\/v2\/posts\/10291\/revisions"}],"predecessor-version":[{"id":10293,"href":"https:\/\/www.juristenkoffer.de\/refblog\/wp-json\/wp\/v2\/posts\/10291\/revisions\/10293"}],"wp:attachment":[{"href":"https:\/\/www.juristenkoffer.de\/refblog\/wp-json\/wp\/v2\/media?parent=10291"}],"wp:term":[{"taxonomy":"category","embeddable":true,"href":"https:\/\/www.juristenkoffer.de\/refblog\/wp-json\/wp\/v2\/categories?post=10291"},{"taxonomy":"post_tag","embeddable":true,"href":"https:\/\/www.juristenkoffer.de\/refblog\/wp-json\/wp\/v2\/tags?post=10291"}],"curies":[{"name":"wp","href":"https:\/\/api.w.org\/{rel}","templated":true}]}}