{"id":10283,"date":"2015-11-07T11:16:59","date_gmt":"2015-11-07T09:16:59","guid":{"rendered":"http:\/\/www.juristenkoffer.de\/refblog\/?p=10283"},"modified":"2015-11-07T11:16:59","modified_gmt":"2015-11-07T09:16:59","slug":"thueringer-referendaren-droht-kuerzung-der-unterhaltsbeihilfe","status":"publish","type":"post","link":"https:\/\/www.juristenkoffer.de\/refblog\/allgemein\/thueringer-referendaren-droht-kuerzung-der-unterhaltsbeihilfe\/","title":{"rendered":"Th\u00fcringer Referendaren droht K\u00fcrzung der Unterhaltsbeihilfe"},"content":{"rendered":"<p><img loading=\"lazy\" decoding=\"async\" class=\"alignleft size-thumbnail wp-image-8264\" src=\"https:\/\/www.juristenkoffer.de\/refblog\/wp-content\/uploads\/2013\/09\/wvwrvwrtv2-150x150.jpg\" alt=\"\" width=\"150\" height=\"150\" \/>Zugegeben: Derzeit verdienen Th\u00fcringer Referendare mit Abstand am meisten, wie ein Blick auf die <a href=\"https:\/\/www.juristenkoffer.de\/rechtsreferendariat\/unterhaltsbeihilfe\/\" target=\"_blank\">aktuelle Gehaltstabelle auf den Ref-Infoseiten<\/a> von Juristenkoffer.de zeigt. Und nur die Th\u00fcringer Referendare werden noch verbeamtet; alle anderen Referendare in Deutschland stehen in einem \u00f6ffentlich-rechtlichen Ausbildungsverh\u00e4ltnis zum Land.<\/p>\n<p>Th\u00fcringen steht aber unter finanziellem Druck. Es wird daher \u00fcberlegt, den Th\u00fcringer Referendaren die Unterhaltsbeihilfe zu k\u00fcrzen.<!--more--><\/p>\n<p>Wie unter anderem der <a href=\"http:\/\/www.mdr.de\/thueringen\/beamte-bezuege-landtag100.html\" target=\"_blank\">MDR berichtet<\/a>, soll die Beihilfe von derzeit 1.300 Euro auf ca. 1.100 Euro gesenkt und damit an das Niveau der anderen L\u00e4nder angeglichen werden. Zudem sollen Referendare nicht mehr verbeamtet werden.<\/p>\n<p>Laut\u00a0Justiz-Staatssekret\u00e4rin Silke Albin k\u00f6nne durch die \u00c4nderungen pro Einstellungsjahrgang\u00a0etwa 680.000 Euro gespart werden.<\/p>\n<p>Wie soll es auch anders sein: Die derzeitige Opposition der CDU fordert zwar Sparanstrengungen der Regierung. Die konkrete Ma\u00dfnahme\u00a0gef\u00e4hrde aber\u00a0den Ausbildungsstandort Th\u00fcringen und sei unsozial.<\/p>\n<p>Laut MDR werden\u00a0die Pl\u00e4ne nun im Justizausschuss des Landtags weiter beraten. Aufgrund der ganz offensichtlichen Sonderstellung der Th\u00fcringer Referendare ist es aber sehr wahrscheinlich, dass die Regierung die Ma\u00dfnahmen tats\u00e4chlich umsetzen wird und Th\u00fcringer Referendare zuk\u00fcnftig nicht nur ihren Beamtenstatus verlieren, sondern auch noch deutlich weniger verdienen werden.<\/p>\n","protected":false},"excerpt":{"rendered":"<p>Zugegeben: Derzeit verdienen Th\u00fcringer Referendare mit Abstand am meisten, wie ein Blick auf die aktuelle Gehaltstabelle auf den Ref-Infoseiten von Juristenkoffer.de zeigt. Und nur die Th\u00fcringer Referendare werden noch verbeamtet; alle anderen Referendare in Deutschland stehen in einem \u00f6ffentlich-rechtlichen Ausbildungsverh\u00e4ltnis zum Land. Th\u00fcringen steht aber unter finanziellem Druck. Es wird daher \u00fcberlegt, den Th\u00fcringer Referendaren [&hellip;]<\/p>\n","protected":false},"author":2,"featured_media":0,"comment_status":"open","ping_status":"open","sticky":false,"template":"","format":"standard","meta":{"footnotes":""},"categories":[1,266],"tags":[],"class_list":["post-10283","post","type-post","status-publish","format-standard","hentry","category-allgemein","category-thueringen"],"_links":{"self":[{"href":"https:\/\/www.juristenkoffer.de\/refblog\/wp-json\/wp\/v2\/posts\/10283","targetHints":{"allow":["GET"]}}],"collection":[{"href":"https:\/\/www.juristenkoffer.de\/refblog\/wp-json\/wp\/v2\/posts"}],"about":[{"href":"https:\/\/www.juristenkoffer.de\/refblog\/wp-json\/wp\/v2\/types\/post"}],"author":[{"embeddable":true,"href":"https:\/\/www.juristenkoffer.de\/refblog\/wp-json\/wp\/v2\/users\/2"}],"replies":[{"embeddable":true,"href":"https:\/\/www.juristenkoffer.de\/refblog\/wp-json\/wp\/v2\/comments?post=10283"}],"version-history":[{"count":1,"href":"https:\/\/www.juristenkoffer.de\/refblog\/wp-json\/wp\/v2\/posts\/10283\/revisions"}],"predecessor-version":[{"id":10284,"href":"https:\/\/www.juristenkoffer.de\/refblog\/wp-json\/wp\/v2\/posts\/10283\/revisions\/10284"}],"wp:attachment":[{"href":"https:\/\/www.juristenkoffer.de\/refblog\/wp-json\/wp\/v2\/media?parent=10283"}],"wp:term":[{"taxonomy":"category","embeddable":true,"href":"https:\/\/www.juristenkoffer.de\/refblog\/wp-json\/wp\/v2\/categories?post=10283"},{"taxonomy":"post_tag","embeddable":true,"href":"https:\/\/www.juristenkoffer.de\/refblog\/wp-json\/wp\/v2\/tags?post=10283"}],"curies":[{"name":"wp","href":"https:\/\/api.w.org\/{rel}","templated":true}]}}