{"id":10198,"date":"2015-08-03T11:45:57","date_gmt":"2015-08-03T09:45:57","guid":{"rendered":"http:\/\/www.juristenkoffer.de\/refblog\/?p=10198"},"modified":"2015-08-13T12:08:57","modified_gmt":"2015-08-13T10:08:57","slug":"neues-ausbildungsplatzangebot-fuer-rechtsreferendare","status":"publish","type":"post","link":"https:\/\/www.juristenkoffer.de\/refblog\/anwaltsstation\/neues-ausbildungsplatzangebot-fuer-rechtsreferendare\/","title":{"rendered":"Neues Ausbildungsplatzangebot f\u00fcr Rechtsreferendare"},"content":{"rendered":"<p><a href=\"https:\/\/www.juristenkoffer.de\/refblog\/wp-content\/uploads\/2015\/08\/919.jpg\"><img loading=\"lazy\" decoding=\"async\" class=\"alignleft size-full wp-image-10199\" src=\"https:\/\/www.juristenkoffer.de\/refblog\/wp-content\/uploads\/2015\/08\/919.jpg\" alt=\"\" width=\"150\" height=\"150\" \/><\/a>Eine Anwalts- oder Wahlstation, die verg\u00fctet wird, in der ausdr\u00fccklich gen\u00fcgend Zeit f\u00fcr die Vorbereitung auf das Staatsexamen bleibt und sogar eine \u00dcbernahme nach dem Referendariat m\u00f6glich ist? Gibt es!<\/p>\n<p><a href=\"http:\/\/www.stationsradar.de\/nachtwey-ip-rechtsanwaelte\/ausbildungsplatzangebot-fuer-die-anwalts-wahlstation.php\">NACHTWEY-IP Rechtsanw\u00e4lte<\/a>\u00a0bieten Rechtsreferendaren (w\/m) einen Ausbildungsplatz f\u00fcr die Anwalts-\/ Wahlstation. Informiere Dich jetzt auf <a href=\"http:\/\/www.stationsradar.de\/\">Stationsradar.de<\/a>!<\/p>\n","protected":false},"excerpt":{"rendered":"<p>Eine Anwalts- oder Wahlstation, die verg\u00fctet wird, in der ausdr\u00fccklich gen\u00fcgend Zeit f\u00fcr die Vorbereitung auf das Staatsexamen bleibt und sogar eine \u00dcbernahme nach dem Referendariat m\u00f6glich ist? Gibt es! NACHTWEY-IP Rechtsanw\u00e4lte\u00a0bieten Rechtsreferendaren (w\/m) einen Ausbildungsplatz f\u00fcr die Anwalts-\/ Wahlstation. Informiere Dich jetzt auf Stationsradar.de!<\/p>\n","protected":false},"author":2,"featured_media":0,"comment_status":"open","ping_status":"open","sticky":false,"template":"","format":"standard","meta":{"footnotes":""},"categories":[48,948],"tags":[],"class_list":["post-10198","post","type-post","status-publish","format-standard","hentry","category-anwaltsstation","category-stationsangebote-veranstaltungen"],"_links":{"self":[{"href":"https:\/\/www.juristenkoffer.de\/refblog\/wp-json\/wp\/v2\/posts\/10198","targetHints":{"allow":["GET"]}}],"collection":[{"href":"https:\/\/www.juristenkoffer.de\/refblog\/wp-json\/wp\/v2\/posts"}],"about":[{"href":"https:\/\/www.juristenkoffer.de\/refblog\/wp-json\/wp\/v2\/types\/post"}],"author":[{"embeddable":true,"href":"https:\/\/www.juristenkoffer.de\/refblog\/wp-json\/wp\/v2\/users\/2"}],"replies":[{"embeddable":true,"href":"https:\/\/www.juristenkoffer.de\/refblog\/wp-json\/wp\/v2\/comments?post=10198"}],"version-history":[{"count":2,"href":"https:\/\/www.juristenkoffer.de\/refblog\/wp-json\/wp\/v2\/posts\/10198\/revisions"}],"predecessor-version":[{"id":10201,"href":"https:\/\/www.juristenkoffer.de\/refblog\/wp-json\/wp\/v2\/posts\/10198\/revisions\/10201"}],"wp:attachment":[{"href":"https:\/\/www.juristenkoffer.de\/refblog\/wp-json\/wp\/v2\/media?parent=10198"}],"wp:term":[{"taxonomy":"category","embeddable":true,"href":"https:\/\/www.juristenkoffer.de\/refblog\/wp-json\/wp\/v2\/categories?post=10198"},{"taxonomy":"post_tag","embeddable":true,"href":"https:\/\/www.juristenkoffer.de\/refblog\/wp-json\/wp\/v2\/tags?post=10198"}],"curies":[{"name":"wp","href":"https:\/\/api.w.org\/{rel}","templated":true}]}}