{"id":10157,"date":"2015-07-13T11:04:20","date_gmt":"2015-07-13T09:04:20","guid":{"rendered":"http:\/\/www.juristenkoffer.de\/refblog\/?p=10157"},"modified":"2016-03-04T19:38:25","modified_gmt":"2016-03-04T17:38:25","slug":"sommerfest-der-referendare-in-darmstadt","status":"publish","type":"post","link":"https:\/\/www.juristenkoffer.de\/refblog\/allgemein\/sommerfest-der-referendare-in-darmstadt\/","title":{"rendered":"Sommerfest der Referendare in Darmstadt"},"content":{"rendered":"<p><img loading=\"lazy\" decoding=\"async\" class=\"alignleft size-full wp-image-5883\" src=\"https:\/\/www.juristenkoffer.de\/refblog\/wp-content\/uploads\/2012\/05\/MP900424382.jpg\" alt=\"\" width=\"150\" height=\"150\" \/>Liebe Leser und Interessierte,<\/p>\n<p>die Sommerzeit ist l\u00e4ngst angebrochen, das Leben spielt sich mehr drau\u00dfen ab und nach einem (Lern- und\/oder Arbeits-) Tag kann man die Abendstunden noch lange im Hellen genie\u00dfen&#8230;<\/p>\n<p>Richtig, es ist wieder Zeit f\u00fcr das diesj\u00e4hrige Sommerfest der Rechtsreferendare in Darmstadt!<!--more--><\/p>\n<p><strong>Wer<\/strong>: eingeladen sind <strong>zuk\u00fcnftige, aktuelle<\/strong> und <strong>ehemalige Rechtsreferendare<\/strong> <strong>aus<\/strong> Darmstadt und ganz <strong>Hessen<\/strong><\/p>\n<p><strong>Wann:<\/strong> am Freitag, den 31. Juli 2015 ab 18 Uhr<\/p>\n<p><strong>Wo<\/strong>: TG-Grillh\u00fctte, Kranichsteiner Stra\u00dfe 139, Darmstadt<br \/>\n<span class=\"fsl\"><a href=\"http:\/\/www.tg1875-darmstadt.de\/11\/index.php?option=com_content&amp;view=article&amp;id=85&amp;Itemid=61\">N\u00e4here Informationen und Wegbeschreibung<\/a><br \/>\n<\/span><\/p>\n<p><span class=\"fsl\"><strong>Wieso<\/strong> lohnt\u00a0es sich, dabei zu sein?<\/span><\/p>\n<p><span class=\"fsl\">Lernt\u00a0Kollegen aus euren AGs, Parallel-Gruppen, Vorg\u00e4nger oder Nachfolger\u00a0ganz ungezwungen\u00a0einmal au\u00dferhalb der Arbeits- und Lernzeit\u00a0kennen. Trefft ehemalige Kollegen,\u00a0Referendare, die ihr sonst nur im Vorbeigehen auf den Gerichtsfluren seht oder Bekannte von\u00a0Arbeitstagungen wieder.<br \/>\nIn den letzten Jahren haben sich immer\u00a0nette Referendare versammelt &#8211; Kurioses aus den AGs, Witziges aus dem Referendarsalltag oder auch\u00a0das ein- oder andere kritische Erlebnis erz\u00e4hlt. Es k\u00f6nnen Tipps gegeben oder\u00a0Anekdoten von AG-Fahrten erz\u00e4hlt werden. Vielleicht ergibt sich auch der ein- oder andere Synergieeffekt &#8211; z.B. weil\u00a0das\u00a0Austauschen von Skripten,\u00a0Gesetzen oder Kommentaren\u00a0untereinander verabredet wird&#8230;<br \/>\n&#8230; aber nat\u00fcrlich soll es nicht nur\u00a0&#8222;gesch\u00e4ftlich zugehen&#8220;, sondern gerade auch die M\u00f6glichkeit sein, sich mal privat auszutauschen &#8211; also sind\u00a0selbstverst\u00e4ndlich auch alle\u00a0nicht-juristischen Themen erlaubt und sogar erw\u00fcnscht!<\/span><\/p>\n<p><span class=\"fsl\">In den vergangenen beiden Jahren\u00a0wurde gemeinsam viel gelacht, gut gegessen, mit dem ein oder anderen Getr\u00e4nk angesto\u00dfen und\u00a0der kurzweiliger Abend hat so manche neue oder vertiefte gute Bekanntschaft oder gar Freundschaft hervorgebracht! \ud83d\ude42<br \/>\n<\/span><\/p>\n<p><span class=\"fsl\">Also, nicht z\u00f6gern, sondern dabei sein &#8211; wir freuen uns auf ein tolles Sommerfest 2015 !<\/span><\/p>\n","protected":false},"excerpt":{"rendered":"<p>Liebe Leser und Interessierte, die Sommerzeit ist l\u00e4ngst angebrochen, das Leben spielt sich mehr drau\u00dfen ab und nach einem (Lern- und\/oder Arbeits-) Tag kann man die Abendstunden noch lange im Hellen genie\u00dfen&#8230; Richtig, es ist wieder Zeit f\u00fcr das diesj\u00e4hrige Sommerfest der Rechtsreferendare in Darmstadt!<\/p>\n","protected":false},"author":44,"featured_media":0,"comment_status":"open","ping_status":"open","sticky":false,"template":"","format":"standard","meta":{"footnotes":""},"categories":[1,119,948],"tags":[1228],"class_list":["post-10157","post","type-post","status-publish","format-standard","hentry","category-allgemein","category-hessen","category-stationsangebote-veranstaltungen","tag-sommerfest"],"_links":{"self":[{"href":"https:\/\/www.juristenkoffer.de\/refblog\/wp-json\/wp\/v2\/posts\/10157","targetHints":{"allow":["GET"]}}],"collection":[{"href":"https:\/\/www.juristenkoffer.de\/refblog\/wp-json\/wp\/v2\/posts"}],"about":[{"href":"https:\/\/www.juristenkoffer.de\/refblog\/wp-json\/wp\/v2\/types\/post"}],"author":[{"embeddable":true,"href":"https:\/\/www.juristenkoffer.de\/refblog\/wp-json\/wp\/v2\/users\/44"}],"replies":[{"embeddable":true,"href":"https:\/\/www.juristenkoffer.de\/refblog\/wp-json\/wp\/v2\/comments?post=10157"}],"version-history":[{"count":6,"href":"https:\/\/www.juristenkoffer.de\/refblog\/wp-json\/wp\/v2\/posts\/10157\/revisions"}],"predecessor-version":[{"id":10170,"href":"https:\/\/www.juristenkoffer.de\/refblog\/wp-json\/wp\/v2\/posts\/10157\/revisions\/10170"}],"wp:attachment":[{"href":"https:\/\/www.juristenkoffer.de\/refblog\/wp-json\/wp\/v2\/media?parent=10157"}],"wp:term":[{"taxonomy":"category","embeddable":true,"href":"https:\/\/www.juristenkoffer.de\/refblog\/wp-json\/wp\/v2\/categories?post=10157"},{"taxonomy":"post_tag","embeddable":true,"href":"https:\/\/www.juristenkoffer.de\/refblog\/wp-json\/wp\/v2\/tags?post=10157"}],"curies":[{"name":"wp","href":"https:\/\/api.w.org\/{rel}","templated":true}]}}