{"id":10009,"date":"2015-03-27T12:57:05","date_gmt":"2015-03-27T10:57:05","guid":{"rendered":"http:\/\/www.juristenkoffer.de\/refblog\/?p=10009"},"modified":"2015-03-27T12:57:05","modified_gmt":"2015-03-27T10:57:05","slug":"gilt-fuer-rechtsreferendare-der-mindestlohn","status":"publish","type":"post","link":"https:\/\/www.juristenkoffer.de\/refblog\/allgemein\/gilt-fuer-rechtsreferendare-der-mindestlohn\/","title":{"rendered":"Gilt f\u00fcr Rechtsreferendare der Mindestlohn?"},"content":{"rendered":"<p><img loading=\"lazy\" decoding=\"async\" class=\"alignleft size-thumbnail wp-image-7572\" src=\"https:\/\/www.juristenkoffer.de\/refblog\/wp-content\/uploads\/2013\/12\/MP900405562-150x150.jpg\" alt=\"\" width=\"150\" height=\"165\" \/>Im Beck-Blog sind f\u00fcr auf einen interessanten Gastbeitrag eines Referendars gesto\u00dfen, der sich mit der Frage besch\u00e4ftigt, ob Rechtsreferendare dem Mindestlohngesetz unterfallen. W\u00e4re das zu bejahen, h\u00e4tten\u00a0wohl viele Referendare einen Anspruch auf eine satte Erh\u00f6hung ihres &#8222;Lohns&#8220;.<\/p>\n<p>Daf\u00fcr spricht, dass Referendare durch die Ausbildungs-ordnungen umfassend zum Dienst im Referendariat verpflichtet werden.<!--more--> Immerhin wird ja auch bei Nebent\u00e4tigkeiten, die in den meisten Bundesl\u00e4ndern anzeige- bzw. genehmigungspflichtig sind, gepr\u00fcft, ob diese den Dienst des Referendars beeintr\u00e4chtigen. Nur wenn das nicht der Fall ist, ist die Nebent\u00e4tigkeit erlaubt.<\/p>\n<p>Gegen die Anwendung k\u00f6nnte man dagegen argumentieren, dass Referendare in einem \u00f6ffentlich-rechtlichen <em>Ausbildung<\/em>sverh\u00e4ltnis stehen; das Mindestlohngesetz kn\u00fcpft aber an die Eigenschaft als Arbeitnehmerin bzw. Arbeitnehmer an. Zudem regelt \u00a7 22 Abs. 3 MiLoG, dass von diesem Gesetz &#8222;die Verg\u00fctung von zu ihrer Berufsausbildung Besch\u00e4ftigten\u00a0nicht geregelt wird&#8220;. M\u00f6glicherweise unterfallen daher Referendare bereits dem pers\u00f6nlichen Anwendungsbereich des Gesetzes nicht.<\/p>\n<p>Die Frage selbst wollen wir an dieser Stelle nicht entscheiden. Vielmehr verweisen wir auf die lebhafte Diskussion im <a href=\"http:\/\/blog.beck.de\/2015\/03\/23\/unterfallen-rechtsreferendare-dem-mindestlohngesetz\" target=\"_blank\">Beck-Blog<\/a>. Aber es w\u00e4re doch sch\u00f6n, wenn das MiLoG unbeabsichtigt auch den Referendaren zugute kommen w\u00fcrde \ud83d\ude42<\/p>\n","protected":false},"excerpt":{"rendered":"<p>Im Beck-Blog sind f\u00fcr auf einen interessanten Gastbeitrag eines Referendars gesto\u00dfen, der sich mit der Frage besch\u00e4ftigt, ob Rechtsreferendare dem Mindestlohngesetz unterfallen. W\u00e4re das zu bejahen, h\u00e4tten\u00a0wohl viele Referendare einen Anspruch auf eine satte Erh\u00f6hung ihres &#8222;Lohns&#8220;. Daf\u00fcr spricht, dass Referendare durch die Ausbildungs-ordnungen umfassend zum Dienst im Referendariat verpflichtet werden.<\/p>\n","protected":false},"author":2,"featured_media":0,"comment_status":"open","ping_status":"open","sticky":false,"template":"","format":"standard","meta":{"footnotes":""},"categories":[1],"tags":[],"class_list":["post-10009","post","type-post","status-publish","format-standard","hentry","category-allgemein"],"_links":{"self":[{"href":"https:\/\/www.juristenkoffer.de\/refblog\/wp-json\/wp\/v2\/posts\/10009","targetHints":{"allow":["GET"]}}],"collection":[{"href":"https:\/\/www.juristenkoffer.de\/refblog\/wp-json\/wp\/v2\/posts"}],"about":[{"href":"https:\/\/www.juristenkoffer.de\/refblog\/wp-json\/wp\/v2\/types\/post"}],"author":[{"embeddable":true,"href":"https:\/\/www.juristenkoffer.de\/refblog\/wp-json\/wp\/v2\/users\/2"}],"replies":[{"embeddable":true,"href":"https:\/\/www.juristenkoffer.de\/refblog\/wp-json\/wp\/v2\/comments?post=10009"}],"version-history":[{"count":2,"href":"https:\/\/www.juristenkoffer.de\/refblog\/wp-json\/wp\/v2\/posts\/10009\/revisions"}],"predecessor-version":[{"id":10011,"href":"https:\/\/www.juristenkoffer.de\/refblog\/wp-json\/wp\/v2\/posts\/10009\/revisions\/10011"}],"wp:attachment":[{"href":"https:\/\/www.juristenkoffer.de\/refblog\/wp-json\/wp\/v2\/media?parent=10009"}],"wp:term":[{"taxonomy":"category","embeddable":true,"href":"https:\/\/www.juristenkoffer.de\/refblog\/wp-json\/wp\/v2\/categories?post=10009"},{"taxonomy":"post_tag","embeddable":true,"href":"https:\/\/www.juristenkoffer.de\/refblog\/wp-json\/wp\/v2\/tags?post=10009"}],"curies":[{"name":"wp","href":"https:\/\/api.w.org\/{rel}","templated":true}]}}