{"id":514,"date":"2011-10-19T19:39:35","date_gmt":"2011-10-19T17:39:35","guid":{"rendered":"http:\/\/www.juristenkoffer.de\/rechtsreferendariat\/?p=514"},"modified":"2026-04-08T17:35:18","modified_gmt":"2026-04-08T15:35:18","slug":"einstellungstermine-ausbildungsgerichte-thueringen","status":"publish","type":"post","link":"https:\/\/www.juristenkoffer.de\/rechtsreferendariat\/thueringen\/einstellungstermine-ausbildungsgerichte-thueringen\/","title":{"rendered":"Einstellungstermine &#038; Ausbildungsgerichte"},"content":{"rendered":"<p>Wer in Th\u00fcringen Referendar werden will, muss sich zwei Termine fett im Kalender markieren: Eingestellt wird jeweils zum <strong>1. Mai<\/strong> und zum <strong>1. November<\/strong> eines jeden Jahres. F\u00e4llt dieser Tag auf einen Samstag oder Feiertag, ist der darauffolgende Werktag dein Stichtag. Das Ministerium entscheidet dann nicht nur \u00fcber deine Einstellung, sondern weist dich auch einer sogenannten <strong>Stammdienststelle<\/strong> zu. Diese Stammdienststellen sind die vier Th\u00fcringer Landgerichte (LG):<\/p>\n<p>&nbsp;<\/p>\n\n\t\t<style type=\"text\/css\">\n\t\t\t#gallery-1 {\n\t\t\t\tmargin: auto;\n\t\t\t}\n\t\t\t#gallery-1 .gallery-item {\n\t\t\t\tfloat: left;\n\t\t\t\tmargin-top: 10px;\n\t\t\t\ttext-align: center;\n\t\t\t\twidth: 33%;\n\t\t\t}\n\t\t\t#gallery-1 img {\n\t\t\t\tborder: 2px solid #cfcfcf;\n\t\t\t}\n\t\t\t#gallery-1 .gallery-caption {\n\t\t\t\tmargin-left: 0;\n\t\t\t}\n\t\t\t\/* see gallery_shortcode() in wp-includes\/media.php *\/\n\t\t<\/style>\n\t\t<div id='gallery-1' class='gallery galleryid-514 gallery-columns-3 gallery-size-thumbnail'><dl class='gallery-item'>\n\t\t\t<dt class='gallery-icon landscape'>\n\t\t\t\t<img width=\"150\" height=\"150\" src=\"https:\/\/www.juristenkoffer.de\/rechtsreferendariat\/wp-content\/uploads\/2011\/10\/landgericht-erfurt-150x150.jpg\" class=\"attachment-thumbnail size-thumbnail\" alt=\"\" decoding=\"async\" loading=\"lazy\" aria-describedby=\"gallery-1-2882\" \/>\n\t\t\t<\/dt>\n\t\t\t\t<dd class='wp-caption-text gallery-caption' id='gallery-1-2882'>\n\t\t\t\tLG Erfurt\n\t\t\t\t<\/dd><\/dl><dl class='gallery-item'>\n\t\t\t<dt class='gallery-icon landscape'>\n\t\t\t\t<img width=\"150\" height=\"150\" src=\"https:\/\/www.juristenkoffer.de\/rechtsreferendariat\/wp-content\/uploads\/2011\/10\/landgericht-gera-150x150.jpg\" class=\"attachment-thumbnail size-thumbnail\" alt=\"\" decoding=\"async\" loading=\"lazy\" aria-describedby=\"gallery-1-2883\" \/>\n\t\t\t<\/dt>\n\t\t\t\t<dd class='wp-caption-text gallery-caption' id='gallery-1-2883'>\n\t\t\t\tLG Gera\n\t\t\t\t<\/dd><\/dl><dl class='gallery-item'>\n\t\t\t<dt class='gallery-icon landscape'>\n\t\t\t\t<img width=\"150\" height=\"150\" src=\"https:\/\/www.juristenkoffer.de\/rechtsreferendariat\/wp-content\/uploads\/2011\/10\/landgericht-meiningen-b-150x150.jpg\" class=\"attachment-thumbnail size-thumbnail\" alt=\"\" decoding=\"async\" loading=\"lazy\" aria-describedby=\"gallery-1-2884\" \/>\n\t\t\t<\/dt>\n\t\t\t\t<dd class='wp-caption-text gallery-caption' id='gallery-1-2884'>\n\t\t\t\tLG Meiningen\n\t\t\t\t<\/dd><\/dl><br style=\"clear: both\" \/><dl class='gallery-item'>\n\t\t\t<dt class='gallery-icon landscape'>\n\t\t\t\t<img width=\"150\" height=\"150\" src=\"https:\/\/www.juristenkoffer.de\/rechtsreferendariat\/wp-content\/uploads\/2011\/10\/landgericht-muehlhausen-150x150.jpg\" class=\"attachment-thumbnail size-thumbnail\" alt=\"\" decoding=\"async\" loading=\"lazy\" aria-describedby=\"gallery-1-2885\" \/>\n\t\t\t<\/dt>\n\t\t\t\t<dd class='wp-caption-text gallery-caption' id='gallery-1-2885'>\n\t\t\t\tLG M\u00fchlhausen\n\t\t\t\t<\/dd><\/dl>\n\t\t\t<br style='clear: both' \/>\n\t\t<\/div>\n\n<p>Jedes dieser Landgerichte fungiert als dein \u201eHeimathafen\u201c w\u00e4hrend der gesamten 25 Monate. Es ist wichtig zu wissen, dass <strong>nicht zu jedem Einstellungstermin an jedem Landgericht<\/strong> neue Referendare aufgenommen werden k\u00f6nnen. Die Zuweisung erfolgt durch das Justizpr\u00fcfungsamt des TMJMV unter Ber\u00fccksichtigung der Kapazit\u00e4ten und deines ge\u00e4u\u00dferten Ortswunsches. W\u00e4hrend der Stationen wechselst du zwar die Ausbildungsstelle (z. B. zur Staatsanwaltschaft oder zum Anwalt), bleibst aber organisatorisch deinem Landgericht als Stammdienststelle treu. Dein direkter Dienstvorgesetzter ist dabei \u00fcbrigens der Pr\u00e4sident des Th\u00fcringer Oberlandesgerichts (OLG) in Jena, w\u00e4hrend die Pr\u00e4sidenten der Landgerichte die Ausbildung vor Ort leiten.<\/p>\n","protected":false},"excerpt":{"rendered":"<p>Wer in Th\u00fcringen Referendar werden will, muss sich zwei Termine fett im Kalender markieren: Eingestellt wird jeweils zum 1. Mai und zum 1. November eines jeden Jahres. F\u00e4llt dieser Tag auf einen Samstag oder Feiertag, ist der darauffolgende Werktag dein Stichtag. Das Ministerium entscheidet dann nicht nur \u00fcber deine Einstellung, sondern weist dich auch einer [&hellip;]<\/p>\n","protected":false},"author":1,"featured_media":0,"comment_status":"open","ping_status":"open","sticky":false,"template":"","format":"standard","meta":[],"categories":[26],"tags":[],"_links":{"self":[{"href":"https:\/\/www.juristenkoffer.de\/rechtsreferendariat\/wp-json\/wp\/v2\/posts\/514"}],"collection":[{"href":"https:\/\/www.juristenkoffer.de\/rechtsreferendariat\/wp-json\/wp\/v2\/posts"}],"about":[{"href":"https:\/\/www.juristenkoffer.de\/rechtsreferendariat\/wp-json\/wp\/v2\/types\/post"}],"author":[{"embeddable":true,"href":"https:\/\/www.juristenkoffer.de\/rechtsreferendariat\/wp-json\/wp\/v2\/users\/1"}],"replies":[{"embeddable":true,"href":"https:\/\/www.juristenkoffer.de\/rechtsreferendariat\/wp-json\/wp\/v2\/comments?post=514"}],"version-history":[{"count":10,"href":"https:\/\/www.juristenkoffer.de\/rechtsreferendariat\/wp-json\/wp\/v2\/posts\/514\/revisions"}],"predecessor-version":[{"id":3788,"href":"https:\/\/www.juristenkoffer.de\/rechtsreferendariat\/wp-json\/wp\/v2\/posts\/514\/revisions\/3788"}],"wp:attachment":[{"href":"https:\/\/www.juristenkoffer.de\/rechtsreferendariat\/wp-json\/wp\/v2\/media?parent=514"}],"wp:term":[{"taxonomy":"category","embeddable":true,"href":"https:\/\/www.juristenkoffer.de\/rechtsreferendariat\/wp-json\/wp\/v2\/categories?post=514"},{"taxonomy":"post_tag","embeddable":true,"href":"https:\/\/www.juristenkoffer.de\/rechtsreferendariat\/wp-json\/wp\/v2\/tags?post=514"}],"curies":[{"name":"wp","href":"https:\/\/api.w.org\/{rel}","templated":true}]}}